{"id":1642,"date":"2017-12-04T13:55:15","date_gmt":"2017-12-04T12:55:15","guid":{"rendered":"http:\/\/agora.xtec.cat\/ceenostrasradelmar\/?p=1642"},"modified":"2021-11-22T19:53:17","modified_gmt":"2021-11-22T18:53:17","slug":"el-gran-recapte","status":"publish","type":"post","link":"https:\/\/agora.xtec.cat\/ceenostrasradelmar\/general\/el-gran-recapte\/","title":{"rendered":"EL GRAN RECAPTE!"},"content":{"rendered":"<p>Enguany, com ja hem fet en d\u2019altres ocasions, a l\u2019escola hem col\u00b7laborat amb \u201cEl gran recapte\u201d, una iniciativa duta a terme des del \u201cBanc dels Aliments\u201d, i on, qui vol participar, pr\u00e8via inscripci\u00f3 al lloc web de l\u2019entitat o per tel\u00e8fon, s\u2019hi pot apuntar per anar a prestar voluntariat a un supermercat.<\/p>\n<p>L\u2019objectiu \u00e9s recaptar aliments, animant a la gent que acudeix a fer les seves compres a que afegeixi a la seva llista de la compra productes imperibles per donar al Banc, perqu\u00e8 aix\u00ed la gent m\u00e9s desfavorida pugui tenir acc\u00e9s als aliments que no poden comprar per falta de recursos.<\/p>\n<p>Enguany va ser la classe d\u2019Ori\u00f3 la que va participar a \u201cEl gran recapte\u201d. Ho vam fer el dia 1 de desembre, divendres. Vam anar al supermercat \u201cEsclat\u201d de Reus, al mat\u00ed, i una vegada all\u00e0 ens van proporcionar bosses per entregar a les persones que entressin a comprar, on poder ficar els aliments donats al Banc. Tamb\u00e9 ens van proporcionar caixes on ficar els aliments, i uns petos per identificar-nos com a voluntaris.<\/p>\n<p>Durant el mat\u00ed les altres classes de l\u2019escola van anar venint al supermercat per fer la seva aportaci\u00f3 a \u201cEl gran recapte\u201d, i tots van comprar alguna cosa per tal de poder ajudar als m\u00e9s desfavorits.<\/p>\n<p>Deman\u00e0vem a les persones que hi volien col\u00b7laborar, priorit\u00e0riament, llet, oli, i conserves de peix o carn.<\/p>\n<p>Va ser una experi\u00e8ncia molt bonica, i vam poder veure com la generositat aflora en \u00e8poques tan assenyalades com el Nadal. Sens dubte tornarem a repetir l\u2019experi\u00e8ncia l&#8217;any vinent!!<a href=\"http:\/\/agora.xtec.cat\/ceenostrasradelmar\/wp-content\/uploads\/usu1306\/2017\/12\/R4.jpg\"><img loading=\"lazy\" decoding=\"async\" class=\"alignnone  wp-image-1647\" src=\"http:\/\/agora.xtec.cat\/ceenostrasradelmar\/wp-content\/uploads\/usu1306\/2017\/12\/R4-1024x768.jpg\" alt=\"\" width=\"334\" height=\"250\" srcset=\"https:\/\/agora.xtec.cat\/ceenostrasradelmar\/wp-content\/uploads\/usu1306\/2017\/12\/R4-1024x768.jpg 1024w, https:\/\/agora.xtec.cat\/ceenostrasradelmar\/wp-content\/uploads\/usu1306\/2017\/12\/R4-300x225.jpg 300w, https:\/\/agora.xtec.cat\/ceenostrasradelmar\/wp-content\/uploads\/usu1306\/2017\/12\/R4-768x576.jpg 768w, https:\/\/agora.xtec.cat\/ceenostrasradelmar\/wp-content\/uploads\/usu1306\/2017\/12\/R4-200x150.jpg 200w, https:\/\/agora.xtec.cat\/ceenostrasradelmar\/wp-content\/uploads\/usu1306\/2017\/12\/R4.jpg 1600w\" sizes=\"auto, (max-width: 334px) 100vw, 334px\" \/><\/a> <a href=\"http:\/\/agora.xtec.cat\/ceenostrasradelmar\/wp-content\/uploads\/usu1306\/2017\/12\/R3-e1512133286181.jpg\"><img loading=\"lazy\" decoding=\"async\" class=\"alignnone  wp-image-1646\" src=\"http:\/\/agora.xtec.cat\/ceenostrasradelmar\/wp-content\/uploads\/usu1306\/2017\/12\/R3-e1512133286181-768x1024.jpg\" alt=\"\" width=\"161\" height=\"215\" srcset=\"https:\/\/agora.xtec.cat\/ceenostrasradelmar\/wp-content\/uploads\/usu1306\/2017\/12\/R3-e1512133286181-768x1024.jpg 768w, https:\/\/agora.xtec.cat\/ceenostrasradelmar\/wp-content\/uploads\/usu1306\/2017\/12\/R3-e1512133286181-225x300.jpg 225w\" sizes=\"auto, (max-width: 161px) 100vw, 161px\" \/><\/a> <a href=\"http:\/\/agora.xtec.cat\/ceenostrasradelmar\/wp-content\/uploads\/usu1306\/2017\/12\/R2-e1512133253852.jpg\"><img loading=\"lazy\" decoding=\"async\" class=\"alignnone  wp-image-1645\" src=\"http:\/\/agora.xtec.cat\/ceenostrasradelmar\/wp-content\/uploads\/usu1306\/2017\/12\/R2-e1512133253852-768x1024.jpg\" alt=\"\" width=\"335\" height=\"447\" srcset=\"https:\/\/agora.xtec.cat\/ceenostrasradelmar\/wp-content\/uploads\/usu1306\/2017\/12\/R2-e1512133253852-768x1024.jpg 768w, https:\/\/agora.xtec.cat\/ceenostrasradelmar\/wp-content\/uploads\/usu1306\/2017\/12\/R2-e1512133253852-225x300.jpg 225w\" sizes=\"auto, (max-width: 335px) 100vw, 335px\" \/><\/a><\/p>\n","protected":false},"excerpt":{"rendered":"<p>Hem fet de voluntaris al Gran Recapte!!<\/p>\n","protected":false},"author":1,"featured_media":1644,"comment_status":"open","ping_status":"closed","sticky":false,"template":"","format":"standard","meta":{"_bbp_topic_count":0,"_bbp_reply_count":0,"_bbp_total_topic_count":0,"_bbp_total_reply_count":0,"_bbp_voice_count":0,"_bbp_anonymous_reply_count":0,"_bbp_topic_count_hidden":0,"_bbp_reply_count_hidden":0,"_bbp_forum_subforum_count":0,"site-sidebar-layout":"default","site-content-layout":"","ast-site-content-layout":"","site-content-style":"default","site-sidebar-style":"default","ast-global-header-display":"","ast-banner-title-visibility":"","ast-main-header-display":"","ast-hfb-above-header-display":"","ast-hfb-below-header-display":"","ast-hfb-mobile-header-display":"","site-post-title":"","ast-breadcrumbs-content":"","ast-featured-img":"","footer-sml-layout":"","theme-transparent-header-meta":"","adv-header-id-meta":"","stick-header-meta":"","header-above-stick-meta":"","header-main-stick-meta":"","header-below-stick-meta":"","astra-migrate-meta-layouts":"default","ast-page-background-enabled":"default","ast-page-background-meta":{"desktop":{"background-color":"var(--ast-global-color-4)","background-image":"","background-repeat":"repeat","background-position":"center center","background-size":"auto","background-attachment":"scroll","background-type":"","background-media":"","overlay-type":"","overlay-color":"","overlay-opacity":"","overlay-gradient":""},"tablet":{"background-color":"","background-image":"","background-repeat":"repeat","background-position":"center center","background-size":"auto","background-attachment":"scroll","background-type":"","background-media":"","overlay-type":"","overlay-color":"","overlay-opacity":"","overlay-gradient":""},"mobile":{"background-color":"","background-image":"","background-repeat":"repeat","background-position":"center center","background-size":"auto","background-attachment":"scroll","background-type":"","background-media":"","overlay-type":"","overlay-color":"","overlay-opacity":"","overlay-gradient":""}},"ast-content-background-meta":{"desktop":{"background-color":"var(--ast-global-color-5)","background-image":"","background-repeat":"repeat","background-position":"center center","background-size":"auto","background-attachment":"scroll","background-type":"","background-media":"","overlay-type":"","overlay-color":"","overlay-opacity":"","overlay-gradient":""},"tablet":{"background-color":"var(--ast-global-color-5)","background-image":"","background-repeat":"repeat","background-position":"center center","background-size":"auto","background-attachment":"scroll","background-type":"","background-media":"","overlay-type":"","overlay-color":"","overlay-opacity":"","overlay-gradient":""},"mobile":{"background-color":"var(--ast-global-color-5)","background-image":"","background-repeat":"repeat","background-position":"center center","background-size":"auto","background-attachment":"scroll","background-type":"","background-media":"","overlay-type":"","overlay-color":"","overlay-opacity":"","overlay-gradient":""}},"footnotes":""},"categories":[1],"tags":[],"class_list":["post-1642","post","type-post","status-publish","format-standard","has-post-thumbnail","hentry","category-general"],"post_mailing_queue_ids":[],"_links":{"self":[{"href":"https:\/\/agora.xtec.cat\/ceenostrasradelmar\/wp-json\/wp\/v2\/posts\/1642","targetHints":{"allow":["GET"]}}],"collection":[{"href":"https:\/\/agora.xtec.cat\/ceenostrasradelmar\/wp-json\/wp\/v2\/posts"}],"about":[{"href":"https:\/\/agora.xtec.cat\/ceenostrasradelmar\/wp-json\/wp\/v2\/types\/post"}],"author":[{"embeddable":true,"href":"https:\/\/agora.xtec.cat\/ceenostrasradelmar\/wp-json\/wp\/v2\/users\/1"}],"replies":[{"embeddable":true,"href":"https:\/\/agora.xtec.cat\/ceenostrasradelmar\/wp-json\/wp\/v2\/comments?post=1642"}],"version-history":[{"count":1,"href":"https:\/\/agora.xtec.cat\/ceenostrasradelmar\/wp-json\/wp\/v2\/posts\/1642\/revisions"}],"predecessor-version":[{"id":1654,"href":"https:\/\/agora.xtec.cat\/ceenostrasradelmar\/wp-json\/wp\/v2\/posts\/1642\/revisions\/1654"}],"wp:featuredmedia":[{"embeddable":true,"href":"https:\/\/agora.xtec.cat\/ceenostrasradelmar\/wp-json\/wp\/v2\/media\/1644"}],"wp:attachment":[{"href":"https:\/\/agora.xtec.cat\/ceenostrasradelmar\/wp-json\/wp\/v2\/media?parent=1642"}],"wp:term":[{"taxonomy":"category","embeddable":true,"href":"https:\/\/agora.xtec.cat\/ceenostrasradelmar\/wp-json\/wp\/v2\/categories?post=1642"},{"taxonomy":"post_tag","embeddable":true,"href":"https:\/\/agora.xtec.cat\/ceenostrasradelmar\/wp-json\/wp\/v2\/tags?post=1642"}],"curies":[{"name":"wp","href":"https:\/\/api.w.org\/{rel}","templated":true}]}}