{"id":1348,"date":"2017-06-26T10:39:27","date_gmt":"2017-06-26T08:39:27","guid":{"rendered":"http:\/\/agora.xtec.cat\/ceenostrasradelmar\/?p=1348"},"modified":"2021-11-22T19:56:08","modified_gmt":"2021-11-22T18:56:08","slug":"les-practiques-de-jardineria","status":"publish","type":"post","link":"https:\/\/agora.xtec.cat\/ceenostrasradelmar\/general\/les-practiques-de-jardineria\/","title":{"rendered":"LES PR\u00c0CTIQUES DE JARDINERIA"},"content":{"rendered":"<p>El grup Titans hem fet pr\u00e0ctiques de jardineria al Parc del Francol\u00ed de Tarragona, aqu\u00ed teniu les nostres opinions i fotos del dies de practiques.<\/p>\n<p>Torn A: <strong>MARINA, DANI, JUAN CARLOS I AARON<\/strong>.<\/p>\n<p>Al mati el Mario ens venia a buscar per anar al parc Francol\u00ed de Tarragona vam tenir dos monitors que es diuen Juan I Juan Carlos . Ens va anar molt be. Ara se que \u00e9s treballar. Vaig escombrar i tamb\u00e9 netejar la cabina. Em van agrada molt les pr\u00e0ctiques.<\/p>\n<p><strong>MARINA<\/strong>.<\/p>\n<p>Vaig escombrar, vaig treure la brut\u00edcia de les clavegueres, vaig anar amb la furgoneta a portar papers per reciclar a una empresa, vaig escombrar i recollir fulles. Crec que les pr\u00e0ctiques m\u2019han anat molt b\u00e9 per saber el que \u00e9s treballar.<\/p>\n<p><strong>DANI<\/strong>.<\/p>\n<p><a href=\"http:\/\/agora.xtec.cat\/ceenostrasradelmar\/wp-content\/uploads\/usu1306\/2017\/06\/pt1.jpg\"><img loading=\"lazy\" decoding=\"async\" class=\"alignnone wp-image-1349\" src=\"http:\/\/agora.xtec.cat\/ceenostrasradelmar\/wp-content\/uploads\/usu1306\/2017\/06\/pt1.jpg\" alt=\"pt1\" width=\"345\" height=\"230\" srcset=\"https:\/\/agora.xtec.cat\/ceenostrasradelmar\/wp-content\/uploads\/usu1306\/2017\/06\/pt1.jpg 756w, https:\/\/agora.xtec.cat\/ceenostrasradelmar\/wp-content\/uploads\/usu1306\/2017\/06\/pt1-300x200.jpg 300w\" sizes=\"auto, (max-width: 345px) 100vw, 345px\" \/><\/a>\u00a0\u00a0\u00a0\u00a0\u00a0\u00a0\u00a0\u00a0\u00a0\u00a0\u00a0\u00a0\u00a0\u00a0 <a href=\"http:\/\/agora.xtec.cat\/ceenostrasradelmar\/wp-content\/uploads\/usu1306\/2017\/06\/pt2.jpg\"><img loading=\"lazy\" decoding=\"async\" class=\"alignnone wp-image-1350\" src=\"http:\/\/agora.xtec.cat\/ceenostrasradelmar\/wp-content\/uploads\/usu1306\/2017\/06\/pt2.jpg\" alt=\"pt2\" width=\"295\" height=\"230\" srcset=\"https:\/\/agora.xtec.cat\/ceenostrasradelmar\/wp-content\/uploads\/usu1306\/2017\/06\/pt2.jpg 648w, https:\/\/agora.xtec.cat\/ceenostrasradelmar\/wp-content\/uploads\/usu1306\/2017\/06\/pt2-300x233.jpg 300w\" sizes=\"auto, (max-width: 295px) 100vw, 295px\" \/><\/a><\/p>\n<p>Ens portava un taxista anomenat Mario i despr\u00e9s ens portava al col\u00b7legi, les practiques eren al parc del Francol\u00ed, els monitors eren Juan i Juan Carlos, ells eren els que manaven all\u00e0. Les practiques a mi m&#8217;han servit i m&#8217;han agradat. He escombrat, netejat el \u201cchiringito\u201d i tamb\u00e9 hem i muntat en una camioneta que era de marca MEGAN i hem recollit totes les bosses del parc i despr\u00e9s les hem portat a una nau d&#8217;escombraries i tamb\u00e9 hem recollit les Fulles del parc.<\/p>\n<p><strong>JUAN CARLOS<\/strong><\/p>\n<p>Al arriba esper\u00e0vem al taxi que el portava el Mario i ens portava a Tarragona a fer les pr\u00e0ctiques, al arribar vaig coneix a l\u2019encarregat. Vaig escombrar el \u201cparking\u201d dels cotxes, recollir herbes, fulles, escombrar el canal de l\u2019aigua, agafar papers i burilles del terra, escombra la garita de l\u2019encarregat, ajudar al bar etc.. L\u2019 hora de esmorzar era a les 10:30 anava al bar i cada dia em comprava un entrap\u00e0 que estava molt bo i costava 1,50$ a vegades anava con el Dani al Mercadona a comprar patates, etc.. ja que les practiques em don\u00e0vem molta gana. Acab\u00e0vem l\u2019esmorzar a les 11:00 despr\u00e8s a treballar fins a las 13:30 que venia el Mario. Per a mi a sigut una cosa nova, he fet amics en el parc del Francol\u00ed i per al futur hem servir\u00e0 per treballar. Els encarregats estaven molt contents a mi perqu\u00e8 feia totes les coses que em demanaven i intentava fer-les b\u00e9. M\u2019ha agradat molt.<\/p>\n<p><strong>AARON<\/strong><\/p>\n<p>Ens portava un taxista anomenat Mario i despr\u00e9s ens portava al col\u00b7legi, les practiques eren al parc del Francol\u00ed, els monitors eren Juan i Juan Carlos, ells eren els que manaven all\u00e0. Les practiques a mi m&#8217;han servit i m&#8217;han agradat. He escombrat, netejat el \u201cchiringito\u201d i tamb\u00e9 hem i muntat en una camioneta que era de marca MEGAN i hem recollit totes les bosses del parc i despr\u00e9s les hem portat a una nau d&#8217;escombraries i tamb\u00e9 hem recollit les Fulles del parc.<\/p>\n<p><strong>JUAN CARLOS<\/strong><\/p>\n<p>Al arriba esper\u00e0vem al taxi que el portava el Mario i ens portava a Tarragona a fer les pr\u00e0ctiques, al arribar vaig coneix a l\u2019encarregat. Vaig escombrar el \u201cparking\u201d dels cotxes, recollir herbes, fulles, escombrar el canal de l\u2019aigua, agafar papers i burilles del terra, escombra la garita de l\u2019encarregat, ajudar al bar etc.. L\u2019 hora de esmorzar era a les 10:30 anava al bar i cada dia em comprava un entrap\u00e0 que estava molt bo i costava 1,50$ a vegades anava con el Dani al Mercadona a comprar patates, etc.. ja que les practiques em don\u00e0vem molta gana. Acab\u00e0vem l\u2019esmorzar a les 11:00 despr\u00e8s a treballar fins a las 13:30 que venia el Mario. Per a mi a sigut una cosa nova, he fet amics en el parc del Francol\u00ed i per al futur hem servir\u00e0 per treballar. Els encarregats estaven molt contents a mi perqu\u00e8 feia totes les coses que em demanaven i intentava fer-les b\u00e9. M\u2019ha agradat molt.<\/p>\n<p><strong>AARON<\/strong><\/p>\n<p><a href=\"http:\/\/agora.xtec.cat\/ceenostrasradelmar\/wp-content\/uploads\/usu1306\/2017\/06\/pt4.jpg\">\u00a0\u00a0\u00a0 <img loading=\"lazy\" decoding=\"async\" class=\"alignnone wp-image-1352\" src=\"http:\/\/agora.xtec.cat\/ceenostrasradelmar\/wp-content\/uploads\/usu1306\/2017\/06\/pt4.jpg\" alt=\"pt4\" width=\"304\" height=\"245\" srcset=\"https:\/\/agora.xtec.cat\/ceenostrasradelmar\/wp-content\/uploads\/usu1306\/2017\/06\/pt4.jpg 688w, https:\/\/agora.xtec.cat\/ceenostrasradelmar\/wp-content\/uploads\/usu1306\/2017\/06\/pt4-300x242.jpg 300w\" sizes=\"auto, (max-width: 304px) 100vw, 304px\" \/><\/a>\u00a0\u00a0\u00a0\u00a0\u00a0\u00a0\u00a0\u00a0\u00a0\u00a0\u00a0\u00a0\u00a0\u00a0\u00a0\u00a0\u00a0\u00a0\u00a0\u00a0\u00a0\u00a0\u00a0\u00a0\u00a0\u00a0\u00a0\u00a0\u00a0\u00a0\u00a0<a href=\"http:\/\/agora.xtec.cat\/ceenostrasradelmar\/wp-content\/uploads\/usu1306\/2017\/06\/pt3.jpg\"><img loading=\"lazy\" decoding=\"async\" class=\"alignnone wp-image-1351\" src=\"http:\/\/agora.xtec.cat\/ceenostrasradelmar\/wp-content\/uploads\/usu1306\/2017\/06\/pt3.jpg\" alt=\"pt3\" width=\"327\" height=\"246\" srcset=\"https:\/\/agora.xtec.cat\/ceenostrasradelmar\/wp-content\/uploads\/usu1306\/2017\/06\/pt3.jpg 738w, https:\/\/agora.xtec.cat\/ceenostrasradelmar\/wp-content\/uploads\/usu1306\/2017\/06\/pt3-300x226.jpg 300w, https:\/\/agora.xtec.cat\/ceenostrasradelmar\/wp-content\/uploads\/usu1306\/2017\/06\/pt3-200x150.jpg 200w\" sizes=\"auto, (max-width: 327px) 100vw, 327px\" \/><\/a><\/p>\n<p>Torn B : <strong>ANTONIO, MOHAMED I JOAN.<\/strong><\/p>\n<p>M\u2019han agradat mol las pr\u00e0ctiques en Juan Carlos es molt simp\u00e0tic tot a sigut mol \u201cxulo\u201d ara ja se que \u00e9s treballar.<\/p>\n<p><strong>MOHAMED<\/strong><\/p>\n<p>M\u2019ha agradat molt recollir les fulles encara que feia molta calor. Les pr\u00e0ctiques m\u2019ha anat molt b\u00e9 he estat content. Els monitors eren molt amables i he apr\u00e8s moltes coses.<\/p>\n<p><strong>JOAN<\/strong><\/p>\n<p>M\u2019ha agradat molt les pr\u00e0ctiques, he fet molta feina, alguns dies no em trobava b\u00e9 i tamb\u00e9 he anat a treballar perqu\u00e8 no s\u2019ha de faltar a la feina. Els monitors son molt amables, he apr\u00e9s moltes coses de jardineria. El Parc del Francol\u00ed \u00e9s molt gran i bonic. Ara ja se el que \u00e9s treballar. Veurem c\u00f3m van les pr\u00e0ctiques de l\u2019any que ve.<\/p>\n<p><strong>ANTONIO<\/strong><\/p>\n","protected":false},"excerpt":{"rendered":"<p>El grup Titans hem fet pr\u00e0ctiques de jardineria al Parc del Francol\u00ed de Tarragona, aqu\u00ed teniu les nostres opinions i fotos del dies de practiques. Torn A: MARINA, DANI, JUAN CARLOS I AARON. Al mati el Mario ens venia a buscar per anar al parc Francol\u00ed de Tarragona vam tenir dos monitors que es diuen [&hellip;]<\/p>\n","protected":false},"author":1,"featured_media":1349,"comment_status":"open","ping_status":"closed","sticky":false,"template":"","format":"standard","meta":{"_bbp_topic_count":0,"_bbp_reply_count":0,"_bbp_total_topic_count":0,"_bbp_total_reply_count":0,"_bbp_voice_count":0,"_bbp_anonymous_reply_count":0,"_bbp_topic_count_hidden":0,"_bbp_reply_count_hidden":0,"_bbp_forum_subforum_count":0,"site-sidebar-layout":"default","site-content-layout":"","ast-site-content-layout":"","site-content-style":"default","site-sidebar-style":"default","ast-global-header-display":"","ast-banner-title-visibility":"","ast-main-header-display":"","ast-hfb-above-header-display":"","ast-hfb-below-header-display":"","ast-hfb-mobile-header-display":"","site-post-title":"","ast-breadcrumbs-content":"","ast-featured-img":"","footer-sml-layout":"","theme-transparent-header-meta":"","adv-header-id-meta":"","stick-header-meta":"","header-above-stick-meta":"","header-main-stick-meta":"","header-below-stick-meta":"","astra-migrate-meta-layouts":"default","ast-page-background-enabled":"default","ast-page-background-meta":{"desktop":{"background-color":"var(--ast-global-color-4)","background-image":"","background-repeat":"repeat","background-position":"center center","background-size":"auto","background-attachment":"scroll","background-type":"","background-media":"","overlay-type":"","overlay-color":"","overlay-opacity":"","overlay-gradient":""},"tablet":{"background-color":"","background-image":"","background-repeat":"repeat","background-position":"center center","background-size":"auto","background-attachment":"scroll","background-type":"","background-media":"","overlay-type":"","overlay-color":"","overlay-opacity":"","overlay-gradient":""},"mobile":{"background-color":"","background-image":"","background-repeat":"repeat","background-position":"center center","background-size":"auto","background-attachment":"scroll","background-type":"","background-media":"","overlay-type":"","overlay-color":"","overlay-opacity":"","overlay-gradient":""}},"ast-content-background-meta":{"desktop":{"background-color":"var(--ast-global-color-5)","background-image":"","background-repeat":"repeat","background-position":"center center","background-size":"auto","background-attachment":"scroll","background-type":"","background-media":"","overlay-type":"","overlay-color":"","overlay-opacity":"","overlay-gradient":""},"tablet":{"background-color":"var(--ast-global-color-5)","background-image":"","background-repeat":"repeat","background-position":"center center","background-size":"auto","background-attachment":"scroll","background-type":"","background-media":"","overlay-type":"","overlay-color":"","overlay-opacity":"","overlay-gradient":""},"mobile":{"background-color":"var(--ast-global-color-5)","background-image":"","background-repeat":"repeat","background-position":"center center","background-size":"auto","background-attachment":"scroll","background-type":"","background-media":"","overlay-type":"","overlay-color":"","overlay-opacity":"","overlay-gradient":""}},"footnotes":""},"categories":[1],"tags":[],"class_list":["post-1348","post","type-post","status-publish","format-standard","has-post-thumbnail","hentry","category-general"],"post_mailing_queue_ids":[],"_links":{"self":[{"href":"https:\/\/agora.xtec.cat\/ceenostrasradelmar\/wp-json\/wp\/v2\/posts\/1348","targetHints":{"allow":["GET"]}}],"collection":[{"href":"https:\/\/agora.xtec.cat\/ceenostrasradelmar\/wp-json\/wp\/v2\/posts"}],"about":[{"href":"https:\/\/agora.xtec.cat\/ceenostrasradelmar\/wp-json\/wp\/v2\/types\/post"}],"author":[{"embeddable":true,"href":"https:\/\/agora.xtec.cat\/ceenostrasradelmar\/wp-json\/wp\/v2\/users\/1"}],"replies":[{"embeddable":true,"href":"https:\/\/agora.xtec.cat\/ceenostrasradelmar\/wp-json\/wp\/v2\/comments?post=1348"}],"version-history":[{"count":1,"href":"https:\/\/agora.xtec.cat\/ceenostrasradelmar\/wp-json\/wp\/v2\/posts\/1348\/revisions"}],"predecessor-version":[{"id":1353,"href":"https:\/\/agora.xtec.cat\/ceenostrasradelmar\/wp-json\/wp\/v2\/posts\/1348\/revisions\/1353"}],"wp:featuredmedia":[{"embeddable":true,"href":"https:\/\/agora.xtec.cat\/ceenostrasradelmar\/wp-json\/wp\/v2\/media\/1349"}],"wp:attachment":[{"href":"https:\/\/agora.xtec.cat\/ceenostrasradelmar\/wp-json\/wp\/v2\/media?parent=1348"}],"wp:term":[{"taxonomy":"category","embeddable":true,"href":"https:\/\/agora.xtec.cat\/ceenostrasradelmar\/wp-json\/wp\/v2\/categories?post=1348"},{"taxonomy":"post_tag","embeddable":true,"href":"https:\/\/agora.xtec.cat\/ceenostrasradelmar\/wp-json\/wp\/v2\/tags?post=1348"}],"curies":[{"name":"wp","href":"https:\/\/api.w.org\/{rel}","templated":true}]}}