{"id":1327,"date":"2017-05-26T13:20:57","date_gmt":"2017-05-26T11:20:57","guid":{"rendered":"http:\/\/agora.xtec.cat\/ceenostrasradelmar\/?p=1327"},"modified":"2021-11-22T19:56:23","modified_gmt":"2021-11-22T18:56:23","slug":"a-la-classe-dels-cometes-fem-un-hort","status":"publish","type":"post","link":"https:\/\/agora.xtec.cat\/ceenostrasradelmar\/general\/a-la-classe-dels-cometes-fem-un-hort\/","title":{"rendered":"A la classe dels Cometes fem un hort!!"},"content":{"rendered":"<p><span lang=\"CA\"><span style=\"color: #000000; font-family: Calibri;\">Al primer trimestre la classe dels Cometes vam comen\u00e7ar a fer un \u201cminihort\u201d. <\/span><\/span><\/p>\n<p><span lang=\"CA\"><span style=\"color: #000000; font-family: Calibri;\">Vam comen\u00e7ar reparant unes jardineres fetes amb palets, que en el seu moment havien fet servir la classe de pluja d\u2019estels. <\/span><\/span><\/p>\n<p><span lang=\"CA\"><span style=\"color: #000000; font-family: Calibri;\"><a href=\"http:\/\/agora.xtec.cat\/ceenostrasradelmar\/wp-content\/uploads\/usu1306\/2017\/05\/co1-e1495796092421.jpg\">\u00a0\u00a0\u00a0\u00a0\u00a0\u00a0\u00a0\u00a0\u00a0\u00a0\u00a0\u00a0\u00a0\u00a0\u00a0\u00a0\u00a0\u00a0\u00a0\u00a0\u00a0\u00a0\u00a0\u00a0\u00a0\u00a0\u00a0\u00a0\u00a0\u00a0\u00a0\u00a0\u00a0\u00a0\u00a0\u00a0\u00a0\u00a0\u00a0\u00a0\u00a0\u00a0\u00a0\u00a0\u00a0\u00a0\u00a0\u00a0\u00a0\u00a0\u00a0\u00a0\u00a0\u00a0\u00a0\u00a0\u00a0\u00a0\u00a0\u00a0\u00a0\u00a0\u00a0\u00a0\u00a0\u00a0\u00a0\u00a0\u00a0\u00a0\u00a0\u00a0\u00a0\u00a0\u00a0\u00a0\u00a0\u00a0 <img loading=\"lazy\" decoding=\"async\" class=\"alignnone wp-image-1345\" src=\"http:\/\/agora.xtec.cat\/ceenostrasradelmar\/wp-content\/uploads\/usu1306\/2017\/05\/co1-e1495796092421.jpg\" alt=\"co1\" width=\"255\" height=\"339\" srcset=\"https:\/\/agora.xtec.cat\/ceenostrasradelmar\/wp-content\/uploads\/usu1306\/2017\/05\/co1-e1495796092421.jpg 547w, https:\/\/agora.xtec.cat\/ceenostrasradelmar\/wp-content\/uploads\/usu1306\/2017\/05\/co1-e1495796092421-225x300.jpg 225w\" sizes=\"auto, (max-width: 255px) 100vw, 255px\" \/><\/a><\/span><\/span><\/p>\n<p><span lang=\"CA\"><span style=\"color: #000000; font-family: Calibri;\">Vam esperar que s\u2019acab\u00e9s l\u2019hivern per plantar, i abans de fer-ho vam posar unes borrasses a les jardineres per tal que no s\u2019escap\u00e9s la terra. <\/span><\/span><\/p>\n<p><a href=\"http:\/\/agora.xtec.cat\/ceenostrasradelmar\/wp-content\/uploads\/usu1306\/2017\/05\/co2.jpg\">\u00a0\u00a0\u00a0\u00a0\u00a0\u00a0\u00a0 <img loading=\"lazy\" decoding=\"async\" class=\"alignnone wp-image-1344\" src=\"http:\/\/agora.xtec.cat\/ceenostrasradelmar\/wp-content\/uploads\/usu1306\/2017\/05\/co2.jpg\" alt=\"co2\" width=\"336\" height=\"252\" srcset=\"https:\/\/agora.xtec.cat\/ceenostrasradelmar\/wp-content\/uploads\/usu1306\/2017\/05\/co2.jpg 693w, https:\/\/agora.xtec.cat\/ceenostrasradelmar\/wp-content\/uploads\/usu1306\/2017\/05\/co2-300x225.jpg 300w, https:\/\/agora.xtec.cat\/ceenostrasradelmar\/wp-content\/uploads\/usu1306\/2017\/05\/co2-200x150.jpg 200w\" sizes=\"auto, (max-width: 336px) 100vw, 336px\" \/><\/a>\u00a0\u00a0\u00a0\u00a0\u00a0\u00a0\u00a0\u00a0\u00a0\u00a0\u00a0\u00a0\u00a0\u00a0\u00a0\u00a0\u00a0\u00a0\u00a0\u00a0\u00a0 <a href=\"http:\/\/agora.xtec.cat\/ceenostrasradelmar\/wp-content\/uploads\/usu1306\/2017\/05\/co3.jpg\"><img loading=\"lazy\" decoding=\"async\" class=\"alignnone wp-image-1343\" src=\"http:\/\/agora.xtec.cat\/ceenostrasradelmar\/wp-content\/uploads\/usu1306\/2017\/05\/co3.jpg\" alt=\"co3\" width=\"336\" height=\"252\" srcset=\"https:\/\/agora.xtec.cat\/ceenostrasradelmar\/wp-content\/uploads\/usu1306\/2017\/05\/co3.jpg 693w, https:\/\/agora.xtec.cat\/ceenostrasradelmar\/wp-content\/uploads\/usu1306\/2017\/05\/co3-300x225.jpg 300w, https:\/\/agora.xtec.cat\/ceenostrasradelmar\/wp-content\/uploads\/usu1306\/2017\/05\/co3-200x150.jpg 200w\" sizes=\"auto, (max-width: 336px) 100vw, 336px\" \/><\/a><\/p>\n<p><span lang=\"CA\"><span style=\"color: #000000; font-family: Calibri;\">Despr\u00e9s de col\u00b7locar les borrasses vam recollir terra d\u2019una altra part de l\u2019escola per omplir les jardineres, i per aix\u00f2 vam fer servir pales i aixades.<\/span><\/span><\/p>\n<p><a href=\"http:\/\/agora.xtec.cat\/ceenostrasradelmar\/wp-content\/uploads\/usu1306\/2017\/05\/co4-e1495796108466.jpg\">\u00a0\u00a0\u00a0\u00a0\u00a0\u00a0\u00a0\u00a0\u00a0\u00a0\u00a0\u00a0 <img loading=\"lazy\" decoding=\"async\" class=\"alignnone wp-image-1342\" src=\"http:\/\/agora.xtec.cat\/ceenostrasradelmar\/wp-content\/uploads\/usu1306\/2017\/05\/co4-e1495796108466.jpg\" alt=\"co4\" width=\"228\" height=\"303\" srcset=\"https:\/\/agora.xtec.cat\/ceenostrasradelmar\/wp-content\/uploads\/usu1306\/2017\/05\/co4-e1495796108466.jpg 502w, https:\/\/agora.xtec.cat\/ceenostrasradelmar\/wp-content\/uploads\/usu1306\/2017\/05\/co4-e1495796108466-225x300.jpg 225w\" sizes=\"auto, (max-width: 228px) 100vw, 228px\" \/><\/a>\u00a0\u00a0\u00a0\u00a0\u00a0\u00a0\u00a0\u00a0\u00a0\u00a0\u00a0\u00a0\u00a0\u00a0\u00a0\u00a0\u00a0\u00a0\u00a0\u00a0\u00a0\u00a0<a href=\"http:\/\/agora.xtec.cat\/ceenostrasradelmar\/wp-content\/uploads\/usu1306\/2017\/05\/co5.jpg\"><img loading=\"lazy\" decoding=\"async\" class=\"alignnone wp-image-1341\" src=\"http:\/\/agora.xtec.cat\/ceenostrasradelmar\/wp-content\/uploads\/usu1306\/2017\/05\/co5.jpg\" alt=\"co5\" width=\"415\" height=\"311\" srcset=\"https:\/\/agora.xtec.cat\/ceenostrasradelmar\/wp-content\/uploads\/usu1306\/2017\/05\/co5.jpg 693w, https:\/\/agora.xtec.cat\/ceenostrasradelmar\/wp-content\/uploads\/usu1306\/2017\/05\/co5-300x225.jpg 300w, https:\/\/agora.xtec.cat\/ceenostrasradelmar\/wp-content\/uploads\/usu1306\/2017\/05\/co5-200x150.jpg 200w\" sizes=\"auto, (max-width: 415px) 100vw, 415px\" \/><\/a><\/p>\n<p><span lang=\"CA\"><span style=\"color: #000000; font-family: Calibri;\">La terra recollida la vam posar en un carret\u00f3 perqu\u00e8 ens calia for\u00e7a terra per omplir les dues jardineres. Amb l\u2019ajuda del carret\u00f3 vam transportar la terra fins a les jardineres. El carret\u00f3 pesava molt!<\/span><\/span><\/p>\n<p><a href=\"http:\/\/agora.xtec.cat\/ceenostrasradelmar\/wp-content\/uploads\/usu1306\/2017\/05\/co6-e1495796122665.jpg\"><img loading=\"lazy\" decoding=\"async\" class=\"alignnone wp-image-1340\" src=\"http:\/\/agora.xtec.cat\/ceenostrasradelmar\/wp-content\/uploads\/usu1306\/2017\/05\/co6-e1495796122665.jpg\" alt=\"co6\" width=\"248\" height=\"330\" srcset=\"https:\/\/agora.xtec.cat\/ceenostrasradelmar\/wp-content\/uploads\/usu1306\/2017\/05\/co6-e1495796122665.jpg 520w, https:\/\/agora.xtec.cat\/ceenostrasradelmar\/wp-content\/uploads\/usu1306\/2017\/05\/co6-e1495796122665-225x300.jpg 225w\" sizes=\"auto, (max-width: 248px) 100vw, 248px\" \/><\/a><\/p>\n<p><span lang=\"CA\"><span style=\"color: #000000; font-family: Calibri;\">Quan vam tenir la terra al costat del nostre minihort, vam fer servir una pala per passar-la del carret\u00f3 a les jardineres. Quan ja vam passar la terra, la vam mullar perqu\u00e8 es compact\u00e9s i poder plantar.<\/span><\/span><\/p>\n<p><a href=\"http:\/\/agora.xtec.cat\/ceenostrasradelmar\/wp-content\/uploads\/usu1306\/2017\/05\/co7-e1495796136317.jpg\">\u00a0\u00a0\u00a0\u00a0\u00a0\u00a0\u00a0\u00a0\u00a0\u00a0\u00a0\u00a0\u00a0\u00a0\u00a0\u00a0\u00a0\u00a0\u00a0\u00a0\u00a0\u00a0\u00a0\u00a0\u00a0\u00a0\u00a0\u00a0\u00a0\u00a0\u00a0\u00a0\u00a0\u00a0\u00a0\u00a0\u00a0\u00a0\u00a0\u00a0\u00a0\u00a0\u00a0\u00a0\u00a0\u00a0\u00a0\u00a0\u00a0\u00a0\u00a0\u00a0\u00a0\u00a0\u00a0\u00a0\u00a0\u00a0\u00a0\u00a0\u00a0\u00a0 <img loading=\"lazy\" decoding=\"async\" class=\"alignnone wp-image-1339\" src=\"http:\/\/agora.xtec.cat\/ceenostrasradelmar\/wp-content\/uploads\/usu1306\/2017\/05\/co7-e1495796136317.jpg\" alt=\"co7\" width=\"247\" height=\"329\" srcset=\"https:\/\/agora.xtec.cat\/ceenostrasradelmar\/wp-content\/uploads\/usu1306\/2017\/05\/co7-e1495796136317.jpg 520w, https:\/\/agora.xtec.cat\/ceenostrasradelmar\/wp-content\/uploads\/usu1306\/2017\/05\/co7-e1495796136317-225x300.jpg 225w\" sizes=\"auto, (max-width: 247px) 100vw, 247px\" \/><\/a><\/p>\n<p><span lang=\"CA\"><span style=\"color: #000000; font-family: Calibri;\">Quan vam tenir la terra compactada vam poder plantar uns petits enciams de fulla de roure vermella q<\/span><\/span><span lang=\"CA\"><span style=\"color: #000000; font-family: Calibri;\">ue hav\u00edem comprat en un viver de Reus. Despr\u00e9s de plantar vam regar els nostres enciams fent servir una regadora.<\/span><\/span><\/p>\n<p><a href=\"http:\/\/agora.xtec.cat\/ceenostrasradelmar\/wp-content\/uploads\/usu1306\/2017\/05\/co8-e1495796148741.jpg\">\u00a0\u00a0\u00a0\u00a0\u00a0\u00a0\u00a0\u00a0\u00a0\u00a0\u00a0\u00a0\u00a0\u00a0\u00a0\u00a0\u00a0\u00a0\u00a0\u00a0\u00a0\u00a0\u00a0\u00a0\u00a0\u00a0\u00a0\u00a0\u00a0\u00a0\u00a0\u00a0\u00a0\u00a0\u00a0 <img loading=\"lazy\" decoding=\"async\" class=\"alignnone wp-image-1338\" src=\"http:\/\/agora.xtec.cat\/ceenostrasradelmar\/wp-content\/uploads\/usu1306\/2017\/05\/co8-e1495796148741.jpg\" alt=\"co8\" width=\"197\" height=\"262\" srcset=\"https:\/\/agora.xtec.cat\/ceenostrasradelmar\/wp-content\/uploads\/usu1306\/2017\/05\/co8-e1495796148741.jpg 520w, https:\/\/agora.xtec.cat\/ceenostrasradelmar\/wp-content\/uploads\/usu1306\/2017\/05\/co8-e1495796148741-225x300.jpg 225w\" sizes=\"auto, (max-width: 197px) 100vw, 197px\" \/><\/a>\u00a0\u00a0\u00a0\u00a0\u00a0\u00a0\u00a0\u00a0\u00a0\u00a0\u00a0\u00a0\u00a0\u00a0\u00a0\u00a0\u00a0\u00a0\u00a0\u00a0\u00a0\u00a0\u00a0 <a href=\"http:\/\/agora.xtec.cat\/ceenostrasradelmar\/wp-content\/uploads\/usu1306\/2017\/05\/co9-e1495796160832.jpg\"><img loading=\"lazy\" decoding=\"async\" class=\"alignnone wp-image-1337\" src=\"http:\/\/agora.xtec.cat\/ceenostrasradelmar\/wp-content\/uploads\/usu1306\/2017\/05\/co9-e1495796160832.jpg\" alt=\"co9\" width=\"200\" height=\"267\" srcset=\"https:\/\/agora.xtec.cat\/ceenostrasradelmar\/wp-content\/uploads\/usu1306\/2017\/05\/co9-e1495796160832.jpg 520w, https:\/\/agora.xtec.cat\/ceenostrasradelmar\/wp-content\/uploads\/usu1306\/2017\/05\/co9-e1495796160832-225x300.jpg 225w\" sizes=\"auto, (max-width: 200px) 100vw, 200px\" \/><\/a><\/p>\n<p>Des que vam plantar-los, els enciams han crescut for\u00e7a! Per ajudar-los a cr\u00e9ixer hem regat sovint, hem arrencat les males herbes, i amb l\u2019ajuda de la pluja i el sol s\u2019han fet molt grans.<\/p>\n<p><a href=\"http:\/\/agora.xtec.cat\/ceenostrasradelmar\/wp-content\/uploads\/usu1306\/2017\/05\/co10.jpg\">\u00a0\u00a0\u00a0\u00a0\u00a0\u00a0\u00a0\u00a0\u00a0\u00a0\u00a0\u00a0\u00a0\u00a0\u00a0\u00a0\u00a0\u00a0\u00a0\u00a0\u00a0\u00a0\u00a0\u00a0\u00a0\u00a0\u00a0\u00a0\u00a0\u00a0\u00a0\u00a0\u00a0\u00a0\u00a0\u00a0\u00a0\u00a0\u00a0\u00a0\u00a0\u00a0\u00a0\u00a0\u00a0\u00a0\u00a0\u00a0\u00a0 \u00a0\u00a0 <img loading=\"lazy\" decoding=\"async\" class=\"alignnone wp-image-1336\" src=\"http:\/\/agora.xtec.cat\/ceenostrasradelmar\/wp-content\/uploads\/usu1306\/2017\/05\/co10.jpg\" alt=\"co10\" width=\"270\" height=\"270\" srcset=\"https:\/\/agora.xtec.cat\/ceenostrasradelmar\/wp-content\/uploads\/usu1306\/2017\/05\/co10.jpg 693w, https:\/\/agora.xtec.cat\/ceenostrasradelmar\/wp-content\/uploads\/usu1306\/2017\/05\/co10-150x150.jpg 150w, https:\/\/agora.xtec.cat\/ceenostrasradelmar\/wp-content\/uploads\/usu1306\/2017\/05\/co10-300x300.jpg 300w\" sizes=\"auto, (max-width: 270px) 100vw, 270px\" \/><\/a><\/p>\n<p style=\"text-align: left;\" align=\"center\"><span lang=\"CA\"><span style=\"color: #000000; font-family: Calibri;\">Quan els enciams ja estaven a punt, amb l\u2019ajuda d\u2019un ganivet els vam collir, i cadascun dels nens de la classe ens en vam emportar un cap a casa.<\/span><\/span><\/p>\n<p style=\"text-align: left;\" align=\"center\"><a href=\"http:\/\/agora.xtec.cat\/ceenostrasradelmar\/wp-content\/uploads\/usu1306\/2017\/05\/co11-e1495796175375.jpg\">\u00a0\u00a0\u00a0\u00a0\u00a0\u00a0\u00a0\u00a0\u00a0\u00a0\u00a0\u00a0\u00a0\u00a0\u00a0\u00a0\u00a0\u00a0\u00a0\u00a0 <img loading=\"lazy\" decoding=\"async\" class=\"alignnone wp-image-1335\" src=\"http:\/\/agora.xtec.cat\/ceenostrasradelmar\/wp-content\/uploads\/usu1306\/2017\/05\/co11-e1495796175375.jpg\" alt=\"co11\" width=\"305\" height=\"305\" srcset=\"https:\/\/agora.xtec.cat\/ceenostrasradelmar\/wp-content\/uploads\/usu1306\/2017\/05\/co11-e1495796175375.jpg 693w, https:\/\/agora.xtec.cat\/ceenostrasradelmar\/wp-content\/uploads\/usu1306\/2017\/05\/co11-e1495796175375-150x150.jpg 150w, https:\/\/agora.xtec.cat\/ceenostrasradelmar\/wp-content\/uploads\/usu1306\/2017\/05\/co11-e1495796175375-300x300.jpg 300w\" sizes=\"auto, (max-width: 305px) 100vw, 305px\" \/><\/a>\u00a0\u00a0\u00a0\u00a0\u00a0\u00a0\u00a0\u00a0\u00a0\u00a0\u00a0\u00a0\u00a0\u00a0\u00a0 <a href=\"http:\/\/agora.xtec.cat\/ceenostrasradelmar\/wp-content\/uploads\/usu1306\/2017\/05\/co12-e1495796190277.jpg\"><img loading=\"lazy\" decoding=\"async\" class=\"alignnone wp-image-1334\" src=\"http:\/\/agora.xtec.cat\/ceenostrasradelmar\/wp-content\/uploads\/usu1306\/2017\/05\/co12-e1495796190277.jpg\" alt=\"co12\" width=\"302\" height=\"302\" srcset=\"https:\/\/agora.xtec.cat\/ceenostrasradelmar\/wp-content\/uploads\/usu1306\/2017\/05\/co12-e1495796190277.jpg 693w, https:\/\/agora.xtec.cat\/ceenostrasradelmar\/wp-content\/uploads\/usu1306\/2017\/05\/co12-e1495796190277-150x150.jpg 150w, https:\/\/agora.xtec.cat\/ceenostrasradelmar\/wp-content\/uploads\/usu1306\/2017\/05\/co12-e1495796190277-300x300.jpg 300w\" sizes=\"auto, (max-width: 302px) 100vw, 302px\" \/><\/a><\/p>\n<p><span lang=\"CA\"><span style=\"color: #000000; font-family: Calibri;\">A m\u00e9s dels enciams, a la classe vam plantar fesols i cigrons, i despr\u00e9s d\u2019uns mesos hem pogut veure com les llavors van anar creixent fins a fer-se plantes grans.<\/span><\/span><\/p>\n<p style=\"text-align: left;\" align=\"center\"><a href=\"http:\/\/agora.xtec.cat\/ceenostrasradelmar\/wp-content\/uploads\/usu1306\/2017\/05\/co14-e1495796202196.jpg\">\u00a0\u00a0\u00a0\u00a0\u00a0\u00a0\u00a0\u00a0\u00a0\u00a0\u00a0\u00a0\u00a0\u00a0\u00a0\u00a0\u00a0\u00a0\u00a0\u00a0\u00a0\u00a0\u00a0\u00a0\u00a0 <img loading=\"lazy\" decoding=\"async\" class=\"alignnone wp-image-1333\" src=\"http:\/\/agora.xtec.cat\/ceenostrasradelmar\/wp-content\/uploads\/usu1306\/2017\/05\/co14-e1495796202196.jpg\" alt=\"co14\" width=\"243\" height=\"324\" srcset=\"https:\/\/agora.xtec.cat\/ceenostrasradelmar\/wp-content\/uploads\/usu1306\/2017\/05\/co14-e1495796202196.jpg 520w, https:\/\/agora.xtec.cat\/ceenostrasradelmar\/wp-content\/uploads\/usu1306\/2017\/05\/co14-e1495796202196-225x300.jpg 225w\" sizes=\"auto, (max-width: 243px) 100vw, 243px\" \/><\/a>\u00a0\u00a0\u00a0\u00a0\u00a0\u00a0\u00a0\u00a0\u00a0\u00a0\u00a0\u00a0\u00a0\u00a0\u00a0\u00a0 <a href=\"http:\/\/agora.xtec.cat\/ceenostrasradelmar\/wp-content\/uploads\/usu1306\/2017\/05\/co15-e1495796215200.jpg\"><img loading=\"lazy\" decoding=\"async\" class=\"alignnone wp-image-1332\" src=\"http:\/\/agora.xtec.cat\/ceenostrasradelmar\/wp-content\/uploads\/usu1306\/2017\/05\/co15-e1495796215200.jpg\" alt=\"co15\" width=\"246\" height=\"327\" srcset=\"https:\/\/agora.xtec.cat\/ceenostrasradelmar\/wp-content\/uploads\/usu1306\/2017\/05\/co15-e1495796215200.jpg 520w, https:\/\/agora.xtec.cat\/ceenostrasradelmar\/wp-content\/uploads\/usu1306\/2017\/05\/co15-e1495796215200-225x300.jpg 225w\" sizes=\"auto, (max-width: 246px) 100vw, 246px\" \/><\/a><\/p>\n<p style=\"text-align: left;\" align=\"center\"><a href=\"http:\/\/agora.xtec.cat\/ceenostrasradelmar\/wp-content\/uploads\/usu1306\/2017\/05\/co16-e1495796227977.jpg\">\u00a0\u00a0\u00a0\u00a0\u00a0\u00a0\u00a0\u00a0\u00a0\u00a0\u00a0\u00a0\u00a0\u00a0\u00a0\u00a0\u00a0\u00a0\u00a0\u00a0\u00a0\u00a0\u00a0\u00a0\u00a0\u00a0\u00a0\u00a0\u00a0\u00a0\u00a0\u00a0\u00a0\u00a0\u00a0\u00a0\u00a0\u00a0\u00a0\u00a0\u00a0\u00a0\u00a0\u00a0\u00a0\u00a0\u00a0\u00a0\u00a0\u00a0\u00a0\u00a0\u00a0\u00a0\u00a0\u00a0\u00a0\u00a0\u00a0\u00a0\u00a0\u00a0\u00a0 <img loading=\"lazy\" decoding=\"async\" class=\"alignnone wp-image-1331\" src=\"http:\/\/agora.xtec.cat\/ceenostrasradelmar\/wp-content\/uploads\/usu1306\/2017\/05\/co16-e1495796227977.jpg\" alt=\"co16\" width=\"240\" height=\"319\" srcset=\"https:\/\/agora.xtec.cat\/ceenostrasradelmar\/wp-content\/uploads\/usu1306\/2017\/05\/co16-e1495796227977.jpg 520w, https:\/\/agora.xtec.cat\/ceenostrasradelmar\/wp-content\/uploads\/usu1306\/2017\/05\/co16-e1495796227977-225x300.jpg 225w\" sizes=\"auto, (max-width: 240px) 100vw, 240px\" \/><\/a><\/p>\n<p><span lang=\"CA\"><span style=\"color: #000000; font-family: Calibri;\">Aquestes plantes, despr\u00e9s de regar-les i podar-les, han donat fruit, i quan les baines s\u2019han posat seques i grogues, hem pogut tenir els nostres fesols!<\/span><\/span><\/p>\n<p><a href=\"http:\/\/agora.xtec.cat\/ceenostrasradelmar\/wp-content\/uploads\/usu1306\/2017\/05\/co17-e1495796246413.jpg\">\u00a0\u00a0\u00a0\u00a0\u00a0\u00a0\u00a0\u00a0\u00a0\u00a0\u00a0\u00a0\u00a0\u00a0\u00a0\u00a0\u00a0\u00a0\u00a0\u00a0\u00a0 <img loading=\"lazy\" decoding=\"async\" class=\"alignnone wp-image-1330\" src=\"http:\/\/agora.xtec.cat\/ceenostrasradelmar\/wp-content\/uploads\/usu1306\/2017\/05\/co17-e1495796246413.jpg\" alt=\"co17\" width=\"256\" height=\"255\" srcset=\"https:\/\/agora.xtec.cat\/ceenostrasradelmar\/wp-content\/uploads\/usu1306\/2017\/05\/co17-e1495796246413.jpg 693w, https:\/\/agora.xtec.cat\/ceenostrasradelmar\/wp-content\/uploads\/usu1306\/2017\/05\/co17-e1495796246413-150x150.jpg 150w, https:\/\/agora.xtec.cat\/ceenostrasradelmar\/wp-content\/uploads\/usu1306\/2017\/05\/co17-e1495796246413-300x300.jpg 300w\" sizes=\"auto, (max-width: 256px) 100vw, 256px\" \/><\/a>\u00a0\u00a0\u00a0\u00a0\u00a0\u00a0\u00a0\u00a0\u00a0\u00a0\u00a0\u00a0\u00a0\u00a0 <a href=\"http:\/\/agora.xtec.cat\/ceenostrasradelmar\/wp-content\/uploads\/usu1306\/2017\/05\/co18.jpg\"><img loading=\"lazy\" decoding=\"async\" class=\"alignnone wp-image-1329\" src=\"http:\/\/agora.xtec.cat\/ceenostrasradelmar\/wp-content\/uploads\/usu1306\/2017\/05\/co18.jpg\" alt=\"co18\" width=\"339\" height=\"254\" srcset=\"https:\/\/agora.xtec.cat\/ceenostrasradelmar\/wp-content\/uploads\/usu1306\/2017\/05\/co18.jpg 693w, https:\/\/agora.xtec.cat\/ceenostrasradelmar\/wp-content\/uploads\/usu1306\/2017\/05\/co18-300x225.jpg 300w, https:\/\/agora.xtec.cat\/ceenostrasradelmar\/wp-content\/uploads\/usu1306\/2017\/05\/co18-200x150.jpg 200w\" sizes=\"auto, (max-width: 339px) 100vw, 339px\" \/><\/a><\/p>\n<p><span lang=\"CA\"><span style=\"color: #000000; font-family: Calibri;\">Per \u00faltim, tamb\u00e9 vam plantar una patata, i tot i que encara no est\u00e0 feta, la planta va creixent i esperem tenir patates aviat!<\/span><\/span><\/p>\n<p style=\"text-align: left;\" align=\"center\"><a href=\"http:\/\/agora.xtec.cat\/ceenostrasradelmar\/wp-content\/uploads\/usu1306\/2017\/05\/co19-e1495796260717.jpg\">\u00a0\u00a0\u00a0\u00a0\u00a0\u00a0\u00a0\u00a0\u00a0\u00a0\u00a0\u00a0\u00a0\u00a0\u00a0\u00a0\u00a0\u00a0\u00a0\u00a0\u00a0\u00a0\u00a0\u00a0\u00a0\u00a0\u00a0\u00a0\u00a0\u00a0\u00a0\u00a0\u00a0\u00a0\u00a0\u00a0\u00a0\u00a0\u00a0\u00a0\u00a0\u00a0\u00a0\u00a0\u00a0\u00a0\u00a0\u00a0\u00a0\u00a0\u00a0\u00a0\u00a0\u00a0\u00a0\u00a0\u00a0\u00a0\u00a0\u00a0\u00a0\u00a0\u00a0 <img loading=\"lazy\" decoding=\"async\" class=\"alignnone wp-image-1328\" src=\"http:\/\/agora.xtec.cat\/ceenostrasradelmar\/wp-content\/uploads\/usu1306\/2017\/05\/co19-e1495796260717.jpg\" alt=\"co19\" width=\"259\" height=\"258\" srcset=\"https:\/\/agora.xtec.cat\/ceenostrasradelmar\/wp-content\/uploads\/usu1306\/2017\/05\/co19-e1495796260717.jpg 693w, https:\/\/agora.xtec.cat\/ceenostrasradelmar\/wp-content\/uploads\/usu1306\/2017\/05\/co19-e1495796260717-150x150.jpg 150w, https:\/\/agora.xtec.cat\/ceenostrasradelmar\/wp-content\/uploads\/usu1306\/2017\/05\/co19-e1495796260717-300x300.jpg 300w\" sizes=\"auto, (max-width: 259px) 100vw, 259px\" \/><\/a><\/p>\n<p>&nbsp;<\/p>\n","protected":false},"excerpt":{"rendered":"<p>Al primer trimestre la classe dels Cometes vam comen\u00e7ar a fer un \u201cminihort\u201d. Vam comen\u00e7ar reparant unes jardineres fetes amb palets, que en el seu moment havien fet servir la classe de pluja d\u2019estels. \u00a0\u00a0\u00a0\u00a0\u00a0\u00a0\u00a0\u00a0\u00a0\u00a0\u00a0\u00a0\u00a0\u00a0\u00a0\u00a0\u00a0\u00a0\u00a0\u00a0\u00a0\u00a0\u00a0\u00a0\u00a0\u00a0\u00a0\u00a0\u00a0\u00a0\u00a0\u00a0\u00a0\u00a0\u00a0\u00a0\u00a0\u00a0\u00a0\u00a0\u00a0\u00a0\u00a0\u00a0\u00a0\u00a0\u00a0\u00a0\u00a0\u00a0\u00a0\u00a0\u00a0\u00a0\u00a0\u00a0\u00a0\u00a0\u00a0\u00a0\u00a0\u00a0\u00a0\u00a0\u00a0\u00a0\u00a0\u00a0\u00a0\u00a0\u00a0\u00a0\u00a0\u00a0\u00a0\u00a0\u00a0\u00a0 Vam esperar que s\u2019acab\u00e9s l\u2019hivern per plantar, i abans de fer-ho vam posar unes borrasses a les jardineres per tal [&hellip;]<\/p>\n","protected":false},"author":1,"featured_media":1345,"comment_status":"open","ping_status":"closed","sticky":false,"template":"","format":"standard","meta":{"_bbp_topic_count":0,"_bbp_reply_count":0,"_bbp_total_topic_count":0,"_bbp_total_reply_count":0,"_bbp_voice_count":0,"_bbp_anonymous_reply_count":0,"_bbp_topic_count_hidden":0,"_bbp_reply_count_hidden":0,"_bbp_forum_subforum_count":0,"site-sidebar-layout":"default","site-content-layout":"","ast-site-content-layout":"","site-content-style":"default","site-sidebar-style":"default","ast-global-header-display":"","ast-banner-title-visibility":"","ast-main-header-display":"","ast-hfb-above-header-display":"","ast-hfb-below-header-display":"","ast-hfb-mobile-header-display":"","site-post-title":"","ast-breadcrumbs-content":"","ast-featured-img":"","footer-sml-layout":"","theme-transparent-header-meta":"","adv-header-id-meta":"","stick-header-meta":"","header-above-stick-meta":"","header-main-stick-meta":"","header-below-stick-meta":"","astra-migrate-meta-layouts":"default","ast-page-background-enabled":"default","ast-page-background-meta":{"desktop":{"background-color":"var(--ast-global-color-4)","background-image":"","background-repeat":"repeat","background-position":"center center","background-size":"auto","background-attachment":"scroll","background-type":"","background-media":"","overlay-type":"","overlay-color":"","overlay-opacity":"","overlay-gradient":""},"tablet":{"background-color":"","background-image":"","background-repeat":"repeat","background-position":"center center","background-size":"auto","background-attachment":"scroll","background-type":"","background-media":"","overlay-type":"","overlay-color":"","overlay-opacity":"","overlay-gradient":""},"mobile":{"background-color":"","background-image":"","background-repeat":"repeat","background-position":"center center","background-size":"auto","background-attachment":"scroll","background-type":"","background-media":"","overlay-type":"","overlay-color":"","overlay-opacity":"","overlay-gradient":""}},"ast-content-background-meta":{"desktop":{"background-color":"var(--ast-global-color-5)","background-image":"","background-repeat":"repeat","background-position":"center center","background-size":"auto","background-attachment":"scroll","background-type":"","background-media":"","overlay-type":"","overlay-color":"","overlay-opacity":"","overlay-gradient":""},"tablet":{"background-color":"var(--ast-global-color-5)","background-image":"","background-repeat":"repeat","background-position":"center center","background-size":"auto","background-attachment":"scroll","background-type":"","background-media":"","overlay-type":"","overlay-color":"","overlay-opacity":"","overlay-gradient":""},"mobile":{"background-color":"var(--ast-global-color-5)","background-image":"","background-repeat":"repeat","background-position":"center center","background-size":"auto","background-attachment":"scroll","background-type":"","background-media":"","overlay-type":"","overlay-color":"","overlay-opacity":"","overlay-gradient":""}},"footnotes":""},"categories":[1],"tags":[],"class_list":["post-1327","post","type-post","status-publish","format-standard","has-post-thumbnail","hentry","category-general"],"post_mailing_queue_ids":[],"_links":{"self":[{"href":"https:\/\/agora.xtec.cat\/ceenostrasradelmar\/wp-json\/wp\/v2\/posts\/1327","targetHints":{"allow":["GET"]}}],"collection":[{"href":"https:\/\/agora.xtec.cat\/ceenostrasradelmar\/wp-json\/wp\/v2\/posts"}],"about":[{"href":"https:\/\/agora.xtec.cat\/ceenostrasradelmar\/wp-json\/wp\/v2\/types\/post"}],"author":[{"embeddable":true,"href":"https:\/\/agora.xtec.cat\/ceenostrasradelmar\/wp-json\/wp\/v2\/users\/1"}],"replies":[{"embeddable":true,"href":"https:\/\/agora.xtec.cat\/ceenostrasradelmar\/wp-json\/wp\/v2\/comments?post=1327"}],"version-history":[{"count":1,"href":"https:\/\/agora.xtec.cat\/ceenostrasradelmar\/wp-json\/wp\/v2\/posts\/1327\/revisions"}],"predecessor-version":[{"id":1346,"href":"https:\/\/agora.xtec.cat\/ceenostrasradelmar\/wp-json\/wp\/v2\/posts\/1327\/revisions\/1346"}],"wp:featuredmedia":[{"embeddable":true,"href":"https:\/\/agora.xtec.cat\/ceenostrasradelmar\/wp-json\/wp\/v2\/media\/1345"}],"wp:attachment":[{"href":"https:\/\/agora.xtec.cat\/ceenostrasradelmar\/wp-json\/wp\/v2\/media?parent=1327"}],"wp:term":[{"taxonomy":"category","embeddable":true,"href":"https:\/\/agora.xtec.cat\/ceenostrasradelmar\/wp-json\/wp\/v2\/categories?post=1327"},{"taxonomy":"post_tag","embeddable":true,"href":"https:\/\/agora.xtec.cat\/ceenostrasradelmar\/wp-json\/wp\/v2\/tags?post=1327"}],"curies":[{"name":"wp","href":"https:\/\/api.w.org\/{rel}","templated":true}]}}