{"id":1236,"date":"2017-05-12T13:37:24","date_gmt":"2017-05-12T11:37:24","guid":{"rendered":"http:\/\/agora.xtec.cat\/ceenostrasradelmar\/?p=1236"},"modified":"2021-11-22T19:48:37","modified_gmt":"2021-11-22T18:48:37","slug":"sant-jordi-2017","status":"publish","type":"post","link":"https:\/\/agora.xtec.cat\/ceenostrasradelmar\/general\/sant-jordi-2017\/","title":{"rendered":"Sant Jordi 2017"},"content":{"rendered":"<p>Divendres 21 d\u00b4abril vam celebrar el dia de St. Jordi a l\u00b4escola.<\/p>\n<p>Vam recordar perqu\u00e8 \u00e9s important el dia 23 d\u2019abril: el dia del llibre, el dia de les roses i el dia dels enamorats.<\/p>\n<p>Ens vam ajuntar tots els alumnes al vest\u00edbul i vam explicar la llegenda de St. Jordi entre tots.<\/p>\n<p>Al llarg de la setmana vam repartir el text de la llegenda i els vuit grups van fer un dibuix que represent\u00e9s el fragment que els havia tocat.<\/p>\n<p>Cada classe va explicar el que havien dibuixat i en acabar vam penjar al vest\u00edbul els vuit dibuixos que constru\u00efen la hist\u00f2ria.<\/p>\n<p>Finalment, vam cantar el can\u00e7\u00f3 de St. Jordi.<\/p>\n<p>Feli\u00e7 St. Jordi 2017 !!!<\/p>\n<table>\n<tbody>\n<tr>\n<td>\u00a0\u00a0\u00a0\u00a0\u00a0\u00a0\u00a0\u00a0\u00a0\u00a0\u00a0\u00a0<a href=\"http:\/\/agora.xtec.cat\/ceenostrasradelmar\/wp-content\/uploads\/usu1306\/2017\/05\/j1.jpg\"><img loading=\"lazy\" decoding=\"async\" class=\"alignnone  wp-image-1237\" src=\"http:\/\/agora.xtec.cat\/ceenostrasradelmar\/wp-content\/uploads\/usu1306\/2017\/05\/j1.jpg\" alt=\"j1\" width=\"259\" height=\"195\" srcset=\"https:\/\/agora.xtec.cat\/ceenostrasradelmar\/wp-content\/uploads\/usu1306\/2017\/05\/j1.jpg 584w, https:\/\/agora.xtec.cat\/ceenostrasradelmar\/wp-content\/uploads\/usu1306\/2017\/05\/j1-300x226.jpg 300w, https:\/\/agora.xtec.cat\/ceenostrasradelmar\/wp-content\/uploads\/usu1306\/2017\/05\/j1-200x150.jpg 200w\" sizes=\"auto, (max-width: 259px) 100vw, 259px\" \/><\/a><\/td>\n<td><strong>La llegenda de St Jordi<\/strong><\/td>\n<\/tr>\n<tr>\n<td><a href=\"http:\/\/agora.xtec.cat\/ceenostrasradelmar\/wp-content\/uploads\/usu1306\/2017\/05\/j2.jpg\"><img loading=\"lazy\" decoding=\"async\" class=\"wp-image-1238 aligncenter\" src=\"http:\/\/agora.xtec.cat\/ceenostrasradelmar\/wp-content\/uploads\/usu1306\/2017\/05\/j2.jpg\" alt=\"j2\" width=\"255\" height=\"191\" srcset=\"https:\/\/agora.xtec.cat\/ceenostrasradelmar\/wp-content\/uploads\/usu1306\/2017\/05\/j2.jpg 600w, https:\/\/agora.xtec.cat\/ceenostrasradelmar\/wp-content\/uploads\/usu1306\/2017\/05\/j2-300x225.jpg 300w, https:\/\/agora.xtec.cat\/ceenostrasradelmar\/wp-content\/uploads\/usu1306\/2017\/05\/j2-200x150.jpg 200w\" sizes=\"auto, (max-width: 255px) 100vw, 255px\" \/><\/a><\/td>\n<td><span lang=\"CA\"><span style=\"color: #000000;\">Temps era temps, en un pa\u00eds molt lluny\u00e0, hi havia un drac monstru\u00f3s<\/span><\/span><\/p>\n<p><span lang=\"CA\"><span style=\"color: #000000;\">Aquella b\u00e8stia, que feia por de veure, podia caminar, nedar i volar.<\/span><\/span><span lang=\"CA\"><span style=\"color: #000000;\">\u00a0<\/span><\/span><\/p>\n<p><span lang=\"CA\"><span style=\"color: #000000;\">El drac matava i s\u2019empassava tot el que trobava davant seu: ramats d\u2019ovelles i bous i cavalls, i tamb\u00e9 homes, dones i nens. I destrossava les cases.<\/span><\/span><\/td>\n<\/tr>\n<tr>\n<td><a href=\"http:\/\/agora.xtec.cat\/ceenostrasradelmar\/wp-content\/uploads\/usu1306\/2017\/05\/j3.jpg\"><img loading=\"lazy\" decoding=\"async\" class=\"wp-image-1239 aligncenter\" src=\"http:\/\/agora.xtec.cat\/ceenostrasradelmar\/wp-content\/uploads\/usu1306\/2017\/05\/j3.jpg\" alt=\"j3\" width=\"255\" height=\"191\" srcset=\"https:\/\/agora.xtec.cat\/ceenostrasradelmar\/wp-content\/uploads\/usu1306\/2017\/05\/j3.jpg 601w, https:\/\/agora.xtec.cat\/ceenostrasradelmar\/wp-content\/uploads\/usu1306\/2017\/05\/j3-300x225.jpg 300w, https:\/\/agora.xtec.cat\/ceenostrasradelmar\/wp-content\/uploads\/usu1306\/2017\/05\/j3-200x150.jpg 200w\" sizes=\"auto, (max-width: 255px) 100vw, 255px\" \/><\/a><\/td>\n<td>Perqu\u00e8 no fes tant de mal a tothom, el poble decideix donar-li per menjar un parell de bens cada dia.<\/p>\n<p>I quan s\u2019acaben els bens, li donen bous i cavalls i altres animals.<\/td>\n<\/tr>\n<tr>\n<td style=\"text-align: center;\"><a href=\"http:\/\/agora.xtec.cat\/ceenostrasradelmar\/wp-content\/uploads\/usu1306\/2017\/05\/j4.jpg\"><img loading=\"lazy\" decoding=\"async\" class=\"alignnone  wp-image-1240\" src=\"http:\/\/agora.xtec.cat\/ceenostrasradelmar\/wp-content\/uploads\/usu1306\/2017\/05\/j4.jpg\" alt=\"j4\" width=\"246\" height=\"184\" srcset=\"https:\/\/agora.xtec.cat\/ceenostrasradelmar\/wp-content\/uploads\/usu1306\/2017\/05\/j4.jpg 591w, https:\/\/agora.xtec.cat\/ceenostrasradelmar\/wp-content\/uploads\/usu1306\/2017\/05\/j4-300x225.jpg 300w, https:\/\/agora.xtec.cat\/ceenostrasradelmar\/wp-content\/uploads\/usu1306\/2017\/05\/j4-200x150.jpg 200w\" sizes=\"auto, (max-width: 246px) 100vw, 246px\" \/><\/a><\/td>\n<td>Per\u00f2 un dia ja no queda cap m\u00e9s animal. Llavors el poble acorda que, abans no mati a tothom, cada dia per sorteig li donaran una persona per a que se la mengi.<\/td>\n<\/tr>\n<tr>\n<td><a href=\"http:\/\/agora.xtec.cat\/ceenostrasradelmar\/wp-content\/uploads\/usu1306\/2017\/05\/j5.jpg\"><img loading=\"lazy\" decoding=\"async\" class=\"wp-image-1241 aligncenter\" src=\"http:\/\/agora.xtec.cat\/ceenostrasradelmar\/wp-content\/uploads\/usu1306\/2017\/05\/j5.jpg\" alt=\"j5\" width=\"263\" height=\"197\" srcset=\"https:\/\/agora.xtec.cat\/ceenostrasradelmar\/wp-content\/uploads\/usu1306\/2017\/05\/j5.jpg 565w, https:\/\/agora.xtec.cat\/ceenostrasradelmar\/wp-content\/uploads\/usu1306\/2017\/05\/j5-300x225.jpg 300w, https:\/\/agora.xtec.cat\/ceenostrasradelmar\/wp-content\/uploads\/usu1306\/2017\/05\/j5-200x150.jpg 200w\" sizes=\"auto, (max-width: 263px) 100vw, 263px\" \/><\/a><\/td>\n<td>Un dia toca la mala sort a la filla del rei.<\/p>\n<p>Aquest no tenia cap m\u00e9s filla i estava desesperat. No volia lliurar-la al drac.<\/p>\n<p>Per\u00f2 el poble li va exigir que fes com tothom, sin\u00f3 el dracs se\u2019ls menjaria a tots.<\/td>\n<\/tr>\n<tr>\n<td><a href=\"http:\/\/agora.xtec.cat\/ceenostrasradelmar\/wp-content\/uploads\/usu1306\/2017\/05\/j6.jpg\"><img loading=\"lazy\" decoding=\"async\" class=\"wp-image-1242 aligncenter\" src=\"http:\/\/agora.xtec.cat\/ceenostrasradelmar\/wp-content\/uploads\/usu1306\/2017\/05\/j6.jpg\" alt=\"j6\" width=\"276\" height=\"207\" srcset=\"https:\/\/agora.xtec.cat\/ceenostrasradelmar\/wp-content\/uploads\/usu1306\/2017\/05\/j6.jpg 564w, https:\/\/agora.xtec.cat\/ceenostrasradelmar\/wp-content\/uploads\/usu1306\/2017\/05\/j6-300x225.jpg 300w, https:\/\/agora.xtec.cat\/ceenostrasradelmar\/wp-content\/uploads\/usu1306\/2017\/05\/j6-200x150.jpg 200w\" sizes=\"auto, (max-width: 276px) 100vw, 276px\" \/><\/a><\/td>\n<td>Van portar, doncs, la princesa davant del drac&#8230;<\/td>\n<\/tr>\n<tr>\n<td><a href=\"http:\/\/agora.xtec.cat\/ceenostrasradelmar\/wp-content\/uploads\/usu1306\/2017\/05\/j7.jpg\"><img loading=\"lazy\" decoding=\"async\" class=\"wp-image-1243 aligncenter\" src=\"http:\/\/agora.xtec.cat\/ceenostrasradelmar\/wp-content\/uploads\/usu1306\/2017\/05\/j7.jpg\" alt=\"j7\" width=\"248\" height=\"186\" srcset=\"https:\/\/agora.xtec.cat\/ceenostrasradelmar\/wp-content\/uploads\/usu1306\/2017\/05\/j7.jpg 562w, https:\/\/agora.xtec.cat\/ceenostrasradelmar\/wp-content\/uploads\/usu1306\/2017\/05\/j7-300x225.jpg 300w, https:\/\/agora.xtec.cat\/ceenostrasradelmar\/wp-content\/uploads\/usu1306\/2017\/05\/j7-200x150.jpg 200w\" sizes=\"auto, (max-width: 248px) 100vw, 248px\" \/><\/a><\/td>\n<td>Per\u00f2 quan el drac obre la boca per menjar-se la princesa, apareix St. Jordi dalt d\u2019un cavall blanc.<\/p>\n<p>St. Jordi mata al drac d\u2019un cop de llan\u00e7a.<\/td>\n<\/tr>\n<tr>\n<td><a href=\"http:\/\/agora.xtec.cat\/ceenostrasradelmar\/wp-content\/uploads\/usu1306\/2017\/05\/j8.jpg\"><img loading=\"lazy\" decoding=\"async\" class=\"wp-image-1244 aligncenter\" src=\"http:\/\/agora.xtec.cat\/ceenostrasradelmar\/wp-content\/uploads\/usu1306\/2017\/05\/j8.jpg\" alt=\"j8\" width=\"262\" height=\"196\" srcset=\"https:\/\/agora.xtec.cat\/ceenostrasradelmar\/wp-content\/uploads\/usu1306\/2017\/05\/j8.jpg 578w, https:\/\/agora.xtec.cat\/ceenostrasradelmar\/wp-content\/uploads\/usu1306\/2017\/05\/j8-300x225.jpg 300w, https:\/\/agora.xtec.cat\/ceenostrasradelmar\/wp-content\/uploads\/usu1306\/2017\/05\/j8-200x150.jpg 200w\" sizes=\"auto, (max-width: 262px) 100vw, 262px\" \/><\/a><\/td>\n<td>De la sang del drac neix un roser de roses vermelles.<\/p>\n<p>St. Jordi d\u00f3na una rosa a la princesa en senyal d\u2019amor.<\/td>\n<\/tr>\n<tr>\n<td style=\"text-align: center;\"><a href=\"http:\/\/agora.xtec.cat\/ceenostrasradelmar\/wp-content\/uploads\/usu1306\/2017\/05\/j10.jpg\"><img loading=\"lazy\" decoding=\"async\" class=\"alignnone  wp-image-1245\" src=\"http:\/\/agora.xtec.cat\/ceenostrasradelmar\/wp-content\/uploads\/usu1306\/2017\/05\/j10.jpg\" alt=\"j10\" width=\"259\" height=\"194\" srcset=\"https:\/\/agora.xtec.cat\/ceenostrasradelmar\/wp-content\/uploads\/usu1306\/2017\/05\/j10.jpg 568w, https:\/\/agora.xtec.cat\/ceenostrasradelmar\/wp-content\/uploads\/usu1306\/2017\/05\/j10-300x225.jpg 300w, https:\/\/agora.xtec.cat\/ceenostrasradelmar\/wp-content\/uploads\/usu1306\/2017\/05\/j10-200x150.jpg 200w\" sizes=\"auto, (max-width: 259px) 100vw, 259px\" \/><\/a><\/td>\n<td>Tothom est\u00e0 molt content. La gent crida: Visca St. Jordi!!!<\/p>\n<p>St. Jordi puja dalt del seu cavall blanc i se\u2019n va somrient.<\/p>\n<p>Aix\u00f2 es una llegenda.<\/p>\n<p>Les llegendes no cal que siguin veritat, n\u2019hi ha prou que siguin boniques&#8230;<\/td>\n<\/tr>\n<\/tbody>\n<\/table>\n<p>&nbsp;<\/p>\n","protected":false},"excerpt":{"rendered":"<p>Divendres 21 d\u00b4abril vam celebrar el dia de St. Jordi a l\u00b4escola. Vam recordar perqu\u00e8 \u00e9s important el dia 23 d\u2019abril: el dia del llibre, el dia de les roses i el dia dels enamorats. Ens vam ajuntar tots els alumnes al vest\u00edbul i vam explicar la llegenda de St. Jordi entre tots. Al llarg [&hellip;]<\/p>\n","protected":false},"author":1,"featured_media":1237,"comment_status":"open","ping_status":"open","sticky":false,"template":"","format":"standard","meta":{"_bbp_topic_count":0,"_bbp_reply_count":0,"_bbp_total_topic_count":0,"_bbp_total_reply_count":0,"_bbp_voice_count":0,"_bbp_anonymous_reply_count":0,"_bbp_topic_count_hidden":0,"_bbp_reply_count_hidden":0,"_bbp_forum_subforum_count":0,"site-sidebar-layout":"default","site-content-layout":"","ast-site-content-layout":"","site-content-style":"default","site-sidebar-style":"default","ast-global-header-display":"","ast-banner-title-visibility":"","ast-main-header-display":"","ast-hfb-above-header-display":"","ast-hfb-below-header-display":"","ast-hfb-mobile-header-display":"","site-post-title":"","ast-breadcrumbs-content":"","ast-featured-img":"","footer-sml-layout":"","theme-transparent-header-meta":"","adv-header-id-meta":"","stick-header-meta":"","header-above-stick-meta":"","header-main-stick-meta":"","header-below-stick-meta":"","astra-migrate-meta-layouts":"default","ast-page-background-enabled":"default","ast-page-background-meta":{"desktop":{"background-color":"var(--ast-global-color-4)","background-image":"","background-repeat":"repeat","background-position":"center center","background-size":"auto","background-attachment":"scroll","background-type":"","background-media":"","overlay-type":"","overlay-color":"","overlay-opacity":"","overlay-gradient":""},"tablet":{"background-color":"","background-image":"","background-repeat":"repeat","background-position":"center center","background-size":"auto","background-attachment":"scroll","background-type":"","background-media":"","overlay-type":"","overlay-color":"","overlay-opacity":"","overlay-gradient":""},"mobile":{"background-color":"","background-image":"","background-repeat":"repeat","background-position":"center center","background-size":"auto","background-attachment":"scroll","background-type":"","background-media":"","overlay-type":"","overlay-color":"","overlay-opacity":"","overlay-gradient":""}},"ast-content-background-meta":{"desktop":{"background-color":"var(--ast-global-color-5)","background-image":"","background-repeat":"repeat","background-position":"center center","background-size":"auto","background-attachment":"scroll","background-type":"","background-media":"","overlay-type":"","overlay-color":"","overlay-opacity":"","overlay-gradient":""},"tablet":{"background-color":"var(--ast-global-color-5)","background-image":"","background-repeat":"repeat","background-position":"center center","background-size":"auto","background-attachment":"scroll","background-type":"","background-media":"","overlay-type":"","overlay-color":"","overlay-opacity":"","overlay-gradient":""},"mobile":{"background-color":"var(--ast-global-color-5)","background-image":"","background-repeat":"repeat","background-position":"center center","background-size":"auto","background-attachment":"scroll","background-type":"","background-media":"","overlay-type":"","overlay-color":"","overlay-opacity":"","overlay-gradient":""}},"footnotes":""},"categories":[1],"tags":[],"class_list":["post-1236","post","type-post","status-publish","format-standard","has-post-thumbnail","hentry","category-general"],"post_mailing_queue_ids":[],"_links":{"self":[{"href":"https:\/\/agora.xtec.cat\/ceenostrasradelmar\/wp-json\/wp\/v2\/posts\/1236","targetHints":{"allow":["GET"]}}],"collection":[{"href":"https:\/\/agora.xtec.cat\/ceenostrasradelmar\/wp-json\/wp\/v2\/posts"}],"about":[{"href":"https:\/\/agora.xtec.cat\/ceenostrasradelmar\/wp-json\/wp\/v2\/types\/post"}],"author":[{"embeddable":true,"href":"https:\/\/agora.xtec.cat\/ceenostrasradelmar\/wp-json\/wp\/v2\/users\/1"}],"replies":[{"embeddable":true,"href":"https:\/\/agora.xtec.cat\/ceenostrasradelmar\/wp-json\/wp\/v2\/comments?post=1236"}],"version-history":[{"count":1,"href":"https:\/\/agora.xtec.cat\/ceenostrasradelmar\/wp-json\/wp\/v2\/posts\/1236\/revisions"}],"predecessor-version":[{"id":1246,"href":"https:\/\/agora.xtec.cat\/ceenostrasradelmar\/wp-json\/wp\/v2\/posts\/1236\/revisions\/1246"}],"wp:featuredmedia":[{"embeddable":true,"href":"https:\/\/agora.xtec.cat\/ceenostrasradelmar\/wp-json\/wp\/v2\/media\/1237"}],"wp:attachment":[{"href":"https:\/\/agora.xtec.cat\/ceenostrasradelmar\/wp-json\/wp\/v2\/media?parent=1236"}],"wp:term":[{"taxonomy":"category","embeddable":true,"href":"https:\/\/agora.xtec.cat\/ceenostrasradelmar\/wp-json\/wp\/v2\/categories?post=1236"},{"taxonomy":"post_tag","embeddable":true,"href":"https:\/\/agora.xtec.cat\/ceenostrasradelmar\/wp-json\/wp\/v2\/tags?post=1236"}],"curies":[{"name":"wp","href":"https:\/\/api.w.org\/{rel}","templated":true}]}}