{"id":1180,"date":"2017-03-17T13:29:09","date_gmt":"2017-03-17T12:29:09","guid":{"rendered":"http:\/\/agora.xtec.cat\/ceenostrasradelmar\/?p=1180"},"modified":"2021-11-22T19:49:20","modified_gmt":"2021-11-22T18:49:20","slug":"nova-trobada-pares-sols-solets","status":"publish","type":"post","link":"https:\/\/agora.xtec.cat\/ceenostrasradelmar\/general\/nova-trobada-pares-sols-solets\/","title":{"rendered":"Nova trobada pares Sols- Solets"},"content":{"rendered":"<div>El passat 1 de mar\u00e7, els pares i mares dels dijous i divendres de la classe dels Sols, vam fer una trobada amb la M\u00aa Jes\u00fas i la Adri.<\/div>\n<div>Vam xerrar una mica i vam poder gaudir d&#8217;una mini sessi\u00f3 de Ioga i Mindfullness, semblant a la que fan els nostres infants cada setmana, va ser una experi\u00e8ncia molt recomenable.<\/div>\n<div><\/div>\n<div><a href=\"http:\/\/agora.xtec.cat\/ceenostrasradelmar\/wp-content\/uploads\/usu1306\/2017\/03\/s1-1.jpg\">\u00a0\u00a0 <img loading=\"lazy\" decoding=\"async\" class=\"alignnone wp-image-1182\" src=\"http:\/\/agora.xtec.cat\/ceenostrasradelmar\/wp-content\/uploads\/usu1306\/2017\/03\/s1-1-1024x575.jpg\" alt=\"s1\" width=\"372\" height=\"209\" srcset=\"https:\/\/agora.xtec.cat\/ceenostrasradelmar\/wp-content\/uploads\/usu1306\/2017\/03\/s1-1-1024x575.jpg 1024w, https:\/\/agora.xtec.cat\/ceenostrasradelmar\/wp-content\/uploads\/usu1306\/2017\/03\/s1-1-300x169.jpg 300w, https:\/\/agora.xtec.cat\/ceenostrasradelmar\/wp-content\/uploads\/usu1306\/2017\/03\/s1-1-768x432.jpg 768w, https:\/\/agora.xtec.cat\/ceenostrasradelmar\/wp-content\/uploads\/usu1306\/2017\/03\/s1-1.jpg 1299w\" sizes=\"auto, (max-width: 372px) 100vw, 372px\" \/><\/a>\u00a0\u00a0\u00a0\u00a0\u00a0\u00a0\u00a0\u00a0\u00a0 \u00a0\u00a0 <a href=\"http:\/\/agora.xtec.cat\/ceenostrasradelmar\/wp-content\/uploads\/usu1306\/2017\/03\/s2-1.jpg\"><img loading=\"lazy\" decoding=\"async\" class=\"alignnone wp-image-1183\" src=\"http:\/\/agora.xtec.cat\/ceenostrasradelmar\/wp-content\/uploads\/usu1306\/2017\/03\/s2-1-1024x575.jpg\" alt=\"s2\" width=\"365\" height=\"205\" srcset=\"https:\/\/agora.xtec.cat\/ceenostrasradelmar\/wp-content\/uploads\/usu1306\/2017\/03\/s2-1-1024x575.jpg 1024w, https:\/\/agora.xtec.cat\/ceenostrasradelmar\/wp-content\/uploads\/usu1306\/2017\/03\/s2-1-300x169.jpg 300w, https:\/\/agora.xtec.cat\/ceenostrasradelmar\/wp-content\/uploads\/usu1306\/2017\/03\/s2-1-768x432.jpg 768w, https:\/\/agora.xtec.cat\/ceenostrasradelmar\/wp-content\/uploads\/usu1306\/2017\/03\/s2-1.jpg 1299w\" sizes=\"auto, (max-width: 365px) 100vw, 365px\" \/><\/a><\/div>\n<div><\/div>\n<div><\/div>\n<div>Tot seguit vam acceptar un repte; anteriorment a la trobada, els nostres fills havien fet un paisatge imaginari i s&#8217;havien col.locat ells amb animals fant\u00e0stics, mitol\u00f2gics&#8230;.; llavors cada fam\u00edlia va col.locar els corresponents fills amb els animals que vam voler i la sorpresa va ser quan ens van portar la versi\u00f3 dels nostres fill i comprovar que s&#8217;asseblava molt.<\/div>\n<div><\/div>\n<div><\/div>\n<div><a href=\"http:\/\/agora.xtec.cat\/ceenostrasradelmar\/wp-content\/uploads\/usu1306\/2017\/03\/image1.jpg\">\u00a0\u00a0\u00a0 <img loading=\"lazy\" decoding=\"async\" class=\"alignnone wp-image-1186\" src=\"http:\/\/agora.xtec.cat\/ceenostrasradelmar\/wp-content\/uploads\/usu1306\/2017\/03\/image1-1024x576.jpg\" alt=\"image1\" width=\"364\" height=\"205\" srcset=\"https:\/\/agora.xtec.cat\/ceenostrasradelmar\/wp-content\/uploads\/usu1306\/2017\/03\/image1-1024x576.jpg 1024w, https:\/\/agora.xtec.cat\/ceenostrasradelmar\/wp-content\/uploads\/usu1306\/2017\/03\/image1-300x169.jpg 300w, https:\/\/agora.xtec.cat\/ceenostrasradelmar\/wp-content\/uploads\/usu1306\/2017\/03\/image1-768x432.jpg 768w, https:\/\/agora.xtec.cat\/ceenostrasradelmar\/wp-content\/uploads\/usu1306\/2017\/03\/image1.jpg 1600w\" sizes=\"auto, (max-width: 364px) 100vw, 364px\" \/><\/a>\u00a0\u00a0\u00a0\u00a0\u00a0\u00a0\u00a0\u00a0\u00a0\u00a0\u00a0\u00a0\u00a0\u00a0 <a href=\"http:\/\/agora.xtec.cat\/ceenostrasradelmar\/wp-content\/uploads\/usu1306\/2017\/03\/image2-e1490357059746.jpg\"><img loading=\"lazy\" decoding=\"async\" class=\"alignnone wp-image-1185\" src=\"http:\/\/agora.xtec.cat\/ceenostrasradelmar\/wp-content\/uploads\/usu1306\/2017\/03\/image2-e1490357059746-1024x576.jpg\" alt=\"image2\" width=\"355\" height=\"200\" srcset=\"https:\/\/agora.xtec.cat\/ceenostrasradelmar\/wp-content\/uploads\/usu1306\/2017\/03\/image2-e1490357059746-1024x576.jpg 1024w, https:\/\/agora.xtec.cat\/ceenostrasradelmar\/wp-content\/uploads\/usu1306\/2017\/03\/image2-e1490357059746-300x169.jpg 300w, https:\/\/agora.xtec.cat\/ceenostrasradelmar\/wp-content\/uploads\/usu1306\/2017\/03\/image2-e1490357059746-768x432.jpg 768w, https:\/\/agora.xtec.cat\/ceenostrasradelmar\/wp-content\/uploads\/usu1306\/2017\/03\/image2-e1490357059746.jpg 1600w\" sizes=\"auto, (max-width: 355px) 100vw, 355px\" \/><\/a><\/div>\n<div><\/div>\n<div><\/div>\n<div>La trobada s&#8217;acaba, ens prenem un cafet\u00f3 mentres comentem lo contents que estem de poder viure de primera ma unes activitats que fan els nostres fills.<\/div>\n<div><\/div>\n<div>Gr\u00e0cies per tot i a tots per compartir una estona molt agradable i esperant la propera.<\/div>\n<div>Pares de la Naia Alabart<\/div>\n","protected":false},"excerpt":{"rendered":"<p>El passat 1 de mar\u00e7, els pares i mares dels dijous i divendres de la classe dels Sols, vam fer una trobada amb la M\u00aa Jes\u00fas i la Adri. Vam xerrar una mica i vam poder gaudir d&#8217;una mini sessi\u00f3 de Ioga i Mindfullness, semblant a la que fan els nostres infants cada setmana, va [&hellip;]<\/p>\n","protected":false},"author":1,"featured_media":1182,"comment_status":"open","ping_status":"open","sticky":false,"template":"","format":"standard","meta":{"_bbp_topic_count":0,"_bbp_reply_count":0,"_bbp_total_topic_count":0,"_bbp_total_reply_count":0,"_bbp_voice_count":0,"_bbp_anonymous_reply_count":0,"_bbp_topic_count_hidden":0,"_bbp_reply_count_hidden":0,"_bbp_forum_subforum_count":0,"site-sidebar-layout":"default","site-content-layout":"","ast-site-content-layout":"","site-content-style":"default","site-sidebar-style":"default","ast-global-header-display":"","ast-banner-title-visibility":"","ast-main-header-display":"","ast-hfb-above-header-display":"","ast-hfb-below-header-display":"","ast-hfb-mobile-header-display":"","site-post-title":"","ast-breadcrumbs-content":"","ast-featured-img":"","footer-sml-layout":"","theme-transparent-header-meta":"","adv-header-id-meta":"","stick-header-meta":"","header-above-stick-meta":"","header-main-stick-meta":"","header-below-stick-meta":"","astra-migrate-meta-layouts":"default","ast-page-background-enabled":"default","ast-page-background-meta":{"desktop":{"background-color":"var(--ast-global-color-4)","background-image":"","background-repeat":"repeat","background-position":"center center","background-size":"auto","background-attachment":"scroll","background-type":"","background-media":"","overlay-type":"","overlay-color":"","overlay-opacity":"","overlay-gradient":""},"tablet":{"background-color":"","background-image":"","background-repeat":"repeat","background-position":"center center","background-size":"auto","background-attachment":"scroll","background-type":"","background-media":"","overlay-type":"","overlay-color":"","overlay-opacity":"","overlay-gradient":""},"mobile":{"background-color":"","background-image":"","background-repeat":"repeat","background-position":"center center","background-size":"auto","background-attachment":"scroll","background-type":"","background-media":"","overlay-type":"","overlay-color":"","overlay-opacity":"","overlay-gradient":""}},"ast-content-background-meta":{"desktop":{"background-color":"var(--ast-global-color-5)","background-image":"","background-repeat":"repeat","background-position":"center center","background-size":"auto","background-attachment":"scroll","background-type":"","background-media":"","overlay-type":"","overlay-color":"","overlay-opacity":"","overlay-gradient":""},"tablet":{"background-color":"var(--ast-global-color-5)","background-image":"","background-repeat":"repeat","background-position":"center center","background-size":"auto","background-attachment":"scroll","background-type":"","background-media":"","overlay-type":"","overlay-color":"","overlay-opacity":"","overlay-gradient":""},"mobile":{"background-color":"var(--ast-global-color-5)","background-image":"","background-repeat":"repeat","background-position":"center center","background-size":"auto","background-attachment":"scroll","background-type":"","background-media":"","overlay-type":"","overlay-color":"","overlay-opacity":"","overlay-gradient":""}},"footnotes":""},"categories":[1],"tags":[],"class_list":["post-1180","post","type-post","status-publish","format-standard","has-post-thumbnail","hentry","category-general"],"post_mailing_queue_ids":[],"_links":{"self":[{"href":"https:\/\/agora.xtec.cat\/ceenostrasradelmar\/wp-json\/wp\/v2\/posts\/1180","targetHints":{"allow":["GET"]}}],"collection":[{"href":"https:\/\/agora.xtec.cat\/ceenostrasradelmar\/wp-json\/wp\/v2\/posts"}],"about":[{"href":"https:\/\/agora.xtec.cat\/ceenostrasradelmar\/wp-json\/wp\/v2\/types\/post"}],"author":[{"embeddable":true,"href":"https:\/\/agora.xtec.cat\/ceenostrasradelmar\/wp-json\/wp\/v2\/users\/1"}],"replies":[{"embeddable":true,"href":"https:\/\/agora.xtec.cat\/ceenostrasradelmar\/wp-json\/wp\/v2\/comments?post=1180"}],"version-history":[{"count":4,"href":"https:\/\/agora.xtec.cat\/ceenostrasradelmar\/wp-json\/wp\/v2\/posts\/1180\/revisions"}],"predecessor-version":[{"id":1191,"href":"https:\/\/agora.xtec.cat\/ceenostrasradelmar\/wp-json\/wp\/v2\/posts\/1180\/revisions\/1191"}],"wp:featuredmedia":[{"embeddable":true,"href":"https:\/\/agora.xtec.cat\/ceenostrasradelmar\/wp-json\/wp\/v2\/media\/1182"}],"wp:attachment":[{"href":"https:\/\/agora.xtec.cat\/ceenostrasradelmar\/wp-json\/wp\/v2\/media?parent=1180"}],"wp:term":[{"taxonomy":"category","embeddable":true,"href":"https:\/\/agora.xtec.cat\/ceenostrasradelmar\/wp-json\/wp\/v2\/categories?post=1180"},{"taxonomy":"post_tag","embeddable":true,"href":"https:\/\/agora.xtec.cat\/ceenostrasradelmar\/wp-json\/wp\/v2\/tags?post=1180"}],"curies":[{"name":"wp","href":"https:\/\/api.w.org\/{rel}","templated":true}]}}