{"id":986,"date":"2016-11-10T13:36:01","date_gmt":"2016-11-10T12:36:01","guid":{"rendered":"http:\/\/agora.xtec.cat\/ceellevant\/?p=986"},"modified":"2021-10-01T19:34:56","modified_gmt":"2021-10-01T17:34:56","slug":"projecte-de-socialitzacio","status":"publish","type":"post","link":"https:\/\/agora.xtec.cat\/ceellevant\/portada\/projecte-de-socialitzacio\/","title":{"rendered":"Projecte de reutilitzaci\u00f3 i socialitzaci\u00f3  de materials did\u00e0ctics i llibres"},"content":{"rendered":"<p>Aqu\u00ed podreu consultar els projectes que recullen el treball del Claustre sobre la<strong> reutilitzaci\u00f3, sostenibilitat i socialitzaci\u00f3 dels materials did\u00e0ctics i llibres.<\/strong><\/p>\n<p>L&#8217;AMPA\u00a0 els ha presentat a l&#8217;Ajuntament de Badalona\u00a0 cada any, per tal de sol\u00b7licitar una subvenci\u00f3, i fins a l&#8217;actualitat, ens han estat concedides.<\/p>\n<p>La finalitat principal d&#8217;aquest programa de subvencions es procurar a les fam\u00edlies un estalvi economic.<\/p>\n<p style=\"text-align: center;\"><a href=\"http:\/\/agora.xtec.cat\/ceellevant\/wp-content\/uploads\/usu999\/2016\/11\/Proyecte-Socialitzaci\u00f3-16-17.pdf\">Projecte de Socialitzaci\u00f3 curs 2016-17<\/a><\/p>\n<p style=\"text-align: center;\"><a href=\"https:\/\/agora.xtec.cat\/ceellevant\/wp-content\/uploads\/usu999\/2020\/06\/Proyecte-Socialitzaci\u00f3-17-18.docx\" target=\"_blank\" rel=\"noopener noreferrer\">Proyecte Socialitzaci\u00f3 17-18<\/a><\/p>\n<p style=\"text-align: center;\"><a href=\"https:\/\/agora.xtec.cat\/ceellevant\/wp-content\/uploads\/usu999\/2020\/06\/Proyecte-Socialitzaci\u00f3-18-19.docx\" target=\"_blank\" rel=\"noopener noreferrer\">Proyecte Socialitzaci\u00f3 18-19<\/a><\/p>\n<p style=\"text-align: center;\"><a href=\"https:\/\/agora.xtec.cat\/ceellevant\/wp-content\/uploads\/usu999\/2020\/06\/Projecte-Socialitzaci\u00f3-19.docx\" target=\"_blank\" rel=\"noopener noreferrer\">Projecte Socialitzaci\u00f3 19<\/a><\/p>\n<p style=\"text-align: center;\"><a href=\"https:\/\/agora.xtec.cat\/ceellevant\/wp-content\/uploads\/usu999\/2016\/11\/Proyecte-Socialitzacio\u0301-20-.pdf\" target=\"_blank\" rel=\"noopener\">Projecte de socialitzaci\u00f3- 20<\/a><\/p>\n<p><a href=\"https:\/\/agora.xtec.cat\/ceellevant\/wp-content\/uploads\/usu999\/2016\/11\/WhatsApp-Image-2021-10-01-at-17.13.47-1.jpeg\"><img loading=\"lazy\" decoding=\"async\" class=\"wp-image-3840  aligncenter\" src=\"https:\/\/agora.xtec.cat\/ceellevant\/wp-content\/uploads\/usu999\/2016\/11\/WhatsApp-Image-2021-10-01-at-17.13.47-1-1024x268.jpeg\" alt=\"\" width=\"444\" height=\"116\" srcset=\"https:\/\/agora.xtec.cat\/ceellevant\/wp-content\/uploads\/usu999\/2016\/11\/WhatsApp-Image-2021-10-01-at-17.13.47-1-1024x268.jpeg 1024w, https:\/\/agora.xtec.cat\/ceellevant\/wp-content\/uploads\/usu999\/2016\/11\/WhatsApp-Image-2021-10-01-at-17.13.47-1-300x78.jpeg 300w, https:\/\/agora.xtec.cat\/ceellevant\/wp-content\/uploads\/usu999\/2016\/11\/WhatsApp-Image-2021-10-01-at-17.13.47-1-768x201.jpeg 768w, https:\/\/agora.xtec.cat\/ceellevant\/wp-content\/uploads\/usu999\/2016\/11\/WhatsApp-Image-2021-10-01-at-17.13.47-1.jpeg 1044w\" sizes=\"auto, (max-width: 444px) 100vw, 444px\" \/><\/a><\/p>\n","protected":false},"excerpt":{"rendered":"<p>Aqu\u00ed podreu consultar els projectes que recullen el treball del Claustre sobre la reutilitzaci\u00f3, sostenibilitat i socialitzaci\u00f3 dels materials did\u00e0ctics i llibres.<br \/>\nL&#8217;AMPA\u00a0 els ha presentat a l&#8217;Ajuntament de Badalona\u00a0 cada any, per tal de sol\u00b7licitar una subvenci\u00f3, i fins a l&#8217;actualitat, ens han estat concedides.<br \/>\nLa&hellip;  <a href=\"https:\/\/agora.xtec.cat\/ceellevant\/portada\/projecte-de-socialitzacio\/\" title=\"Read Projecte de reutilitzaci\u00f3 i socialitzaci\u00f3  de materials did\u00e0ctics i llibres\">Llegeix m\u00e9s\u00bb<\/a><\/p>\n","protected":false},"author":1,"featured_media":0,"comment_status":"open","ping_status":"closed","sticky":false,"template":"","format":"standard","meta":{"_bbp_topic_count":0,"_bbp_reply_count":0,"_bbp_total_topic_count":0,"_bbp_total_reply_count":0,"_bbp_voice_count":0,"_bbp_anonymous_reply_count":0,"_bbp_topic_count_hidden":0,"_bbp_reply_count_hidden":0,"_bbp_forum_subforum_count":0,"footnotes":""},"categories":[7,4],"tags":[91],"class_list":["post-986","post","type-post","status-publish","format-standard","hentry","category-afa","category-portada","tag-projecte-de-socialitzacio"],"post_mailing_queue_ids":[],"_links":{"self":[{"href":"https:\/\/agora.xtec.cat\/ceellevant\/wp-json\/wp\/v2\/posts\/986","targetHints":{"allow":["GET"]}}],"collection":[{"href":"https:\/\/agora.xtec.cat\/ceellevant\/wp-json\/wp\/v2\/posts"}],"about":[{"href":"https:\/\/agora.xtec.cat\/ceellevant\/wp-json\/wp\/v2\/types\/post"}],"author":[{"embeddable":true,"href":"https:\/\/agora.xtec.cat\/ceellevant\/wp-json\/wp\/v2\/users\/1"}],"replies":[{"embeddable":true,"href":"https:\/\/agora.xtec.cat\/ceellevant\/wp-json\/wp\/v2\/comments?post=986"}],"version-history":[{"count":3,"href":"https:\/\/agora.xtec.cat\/ceellevant\/wp-json\/wp\/v2\/posts\/986\/revisions"}],"predecessor-version":[{"id":3841,"href":"https:\/\/agora.xtec.cat\/ceellevant\/wp-json\/wp\/v2\/posts\/986\/revisions\/3841"}],"wp:attachment":[{"href":"https:\/\/agora.xtec.cat\/ceellevant\/wp-json\/wp\/v2\/media?parent=986"}],"wp:term":[{"taxonomy":"category","embeddable":true,"href":"https:\/\/agora.xtec.cat\/ceellevant\/wp-json\/wp\/v2\/categories?post=986"},{"taxonomy":"post_tag","embeddable":true,"href":"https:\/\/agora.xtec.cat\/ceellevant\/wp-json\/wp\/v2\/tags?post=986"}],"curies":[{"name":"wp","href":"https:\/\/api.w.org\/{rel}","templated":true}]}}