{"id":581,"date":"2016-03-14T10:52:36","date_gmt":"2016-03-14T09:52:36","guid":{"rendered":"http:\/\/agora.xtec.cat\/ceellevant\/?p=581"},"modified":"2016-05-06T17:40:34","modified_gmt":"2016-05-06T16:40:34","slug":"beamz-arriba-a-lescola","status":"publish","type":"post","link":"https:\/\/agora.xtec.cat\/ceellevant\/portada\/beamz-arriba-a-lescola\/","title":{"rendered":"BEAMZ ARRIBA A L&#8217;ESCOLA"},"content":{"rendered":"<p>Us presentem un nou dispositiu per fer m\u00fasica que hem pogut adquirir gr\u00e0cies a l&#8217;aportaci\u00f3 de l&#8217;AMPA.<\/p>\n<p><iframe loading=\"lazy\" title=\"Beamz &amp; Special Needs\" width=\"500\" height=\"281\" src=\"https:\/\/www.youtube.com\/embed\/oTOgyIbydDM?feature=oembed\" frameborder=\"0\" allow=\"accelerometer; autoplay; clipboard-write; encrypted-media; gyroscope; picture-in-picture; web-share\" referrerpolicy=\"strict-origin-when-cross-origin\" allowfullscreen><\/iframe><\/p>\n<p>&nbsp;<\/p>\n","protected":false},"excerpt":{"rendered":"<p>Us presentem un nou dispositiu per fer m\u00fasica que hem pogut adquirir gr\u00e0cies a l&#8217;aportaci\u00f3 de l&#8217;AMPA.<\/p>\n<p>&nbsp;<\/p>\n","protected":false},"author":1,"featured_media":0,"comment_status":"open","ping_status":"open","sticky":false,"template":"","format":"standard","meta":{"_bbp_topic_count":0,"_bbp_reply_count":0,"_bbp_total_topic_count":0,"_bbp_total_reply_count":0,"_bbp_voice_count":0,"_bbp_anonymous_reply_count":0,"_bbp_topic_count_hidden":0,"_bbp_reply_count_hidden":0,"_bbp_forum_subforum_count":0,"footnotes":""},"categories":[7,4,38],"tags":[40,49,39],"class_list":["post-581","post","type-post","status-publish","format-standard","hentry","category-afa","category-portada","category-serveis-digitals","tag-ampa","tag-inclusio-digital","tag-tecnologia"],"post_mailing_queue_ids":[],"_links":{"self":[{"href":"https:\/\/agora.xtec.cat\/ceellevant\/wp-json\/wp\/v2\/posts\/581","targetHints":{"allow":["GET"]}}],"collection":[{"href":"https:\/\/agora.xtec.cat\/ceellevant\/wp-json\/wp\/v2\/posts"}],"about":[{"href":"https:\/\/agora.xtec.cat\/ceellevant\/wp-json\/wp\/v2\/types\/post"}],"author":[{"embeddable":true,"href":"https:\/\/agora.xtec.cat\/ceellevant\/wp-json\/wp\/v2\/users\/1"}],"replies":[{"embeddable":true,"href":"https:\/\/agora.xtec.cat\/ceellevant\/wp-json\/wp\/v2\/comments?post=581"}],"version-history":[{"count":3,"href":"https:\/\/agora.xtec.cat\/ceellevant\/wp-json\/wp\/v2\/posts\/581\/revisions"}],"predecessor-version":[{"id":615,"href":"https:\/\/agora.xtec.cat\/ceellevant\/wp-json\/wp\/v2\/posts\/581\/revisions\/615"}],"wp:attachment":[{"href":"https:\/\/agora.xtec.cat\/ceellevant\/wp-json\/wp\/v2\/media?parent=581"}],"wp:term":[{"taxonomy":"category","embeddable":true,"href":"https:\/\/agora.xtec.cat\/ceellevant\/wp-json\/wp\/v2\/categories?post=581"},{"taxonomy":"post_tag","embeddable":true,"href":"https:\/\/agora.xtec.cat\/ceellevant\/wp-json\/wp\/v2\/tags?post=581"}],"curies":[{"name":"wp","href":"https:\/\/api.w.org\/{rel}","templated":true}]}}