{"id":5446,"date":"2025-11-21T11:34:22","date_gmt":"2025-11-21T10:34:22","guid":{"rendered":"https:\/\/agora.xtec.cat\/ceellevant\/?p=5446"},"modified":"2025-11-21T11:34:52","modified_gmt":"2025-11-21T10:34:52","slug":"seminari-parlem-de-sexoafectivitat-i-diversitat-funcional-sensibilitzacio-prevencio-drets-i-cures","status":"publish","type":"post","link":"https:\/\/agora.xtec.cat\/ceellevant\/general\/seminari-parlem-de-sexoafectivitat-i-diversitat-funcional-sensibilitzacio-prevencio-drets-i-cures\/","title":{"rendered":"SEMINARI: Parlem de sexoafectivitat i diversitat funcional: sensibilitzaci\u00f3, prevenci\u00f3, drets i cures"},"content":{"rendered":"<p><a href=\"https:\/\/agora.xtec.cat\/ceellevant\/wp-content\/uploads\/usu999\/2025\/11\/Copia-de-FINALPublicacio_Difusio_TallerSexoafectivitat_V3.pdf.jpg\"><img loading=\"lazy\" decoding=\"async\" class=\"size-large wp-image-5445 aligncenter\" src=\"https:\/\/agora.xtec.cat\/ceellevant\/wp-content\/uploads\/usu999\/2025\/11\/Copia-de-FINALPublicacio_Difusio_TallerSexoafectivitat_V3.pdf-819x1024.jpg\" alt=\"\" width=\"819\" height=\"1024\" srcset=\"https:\/\/agora.xtec.cat\/ceellevant\/wp-content\/uploads\/usu999\/2025\/11\/Copia-de-FINALPublicacio_Difusio_TallerSexoafectivitat_V3.pdf-819x1024.jpg 819w, https:\/\/agora.xtec.cat\/ceellevant\/wp-content\/uploads\/usu999\/2025\/11\/Copia-de-FINALPublicacio_Difusio_TallerSexoafectivitat_V3.pdf-240x300.jpg 240w, https:\/\/agora.xtec.cat\/ceellevant\/wp-content\/uploads\/usu999\/2025\/11\/Copia-de-FINALPublicacio_Difusio_TallerSexoafectivitat_V3.pdf-768x960.jpg 768w, https:\/\/agora.xtec.cat\/ceellevant\/wp-content\/uploads\/usu999\/2025\/11\/Copia-de-FINALPublicacio_Difusio_TallerSexoafectivitat_V3.pdf.jpg 1080w\" sizes=\"auto, (max-width: 819px) 100vw, 819px\" \/><\/a><\/p>\n<div>Us fem arribar la informaci\u00f3 d\u2019una\u00a0<b>formaci\u00f3 adre\u00e7ada a fam\u00edlies de persones amb diversitat funcional<\/b>, que vol ser, sobretot,\u00a0<b>un espai de reflexi\u00f3 compartida i d\u2019intercanvi d\u2019experi\u00e8ncies<\/b>.<\/div>\n<div><\/div>\n<div>Les fam\u00edlies teniu un paper clau en la vida de les persones amb diversitat funcional: sou referents, figures d\u2019acompanyament i part essencial del seu benestar.<\/div>\n<div><\/div>\n<div>Per aix\u00f2, us proposem dedicar una hora a pensar plegats\u00a0<b>com acompanyem la seva sexualitat i afectivitat<\/b>, \u00e0mbits sovint invisibilitzats per\u00f2 que formen part de la qualitat de vida de qualsevol persona.<\/div>\n<div><\/div>\n<div><\/div>\n<div>Al llarg de la sessi\u00f3 parlarem de:<\/div>\n<div><\/div>\n<ul>\n<li>\n<div role=\"presentation\">Qu\u00e8 entenem per\u00a0<b>benestar sexeafectiu<\/b>\u00a0i la seva relaci\u00f3 amb l\u2019autonomia i el desenvolupament personal.<\/div>\n<\/li>\n<li>\n<div role=\"presentation\">Com les fam\u00edlies poden\u00a0<b>promoure entorns segurs, respectuosos i inclusius<\/b>.<\/div>\n<\/li>\n<li>\n<div role=\"presentation\">Els\u00a0<b>drets sexuals i reproductius<\/b>\u00a0de les persones amb diversitat funcional, i com prevenir i detectar situacions de vulneraci\u00f3.<\/div>\n<\/li>\n<li>\n<div role=\"presentation\">Eines i\u00a0<b>recursos pr\u00e0ctics per acompanyar des del respecte<\/b>, resoldre dubtes i compartir bones pr\u00e0ctiques.<\/div>\n<\/li>\n<\/ul>\n<div>La formaci\u00f3 \u00e9s\u00a0<b>gratu\u00efta<\/b>,\u00a0<b>d\u20191 hora de durada<\/b>, i est\u00e0 pensada com una experi\u00e8ncia vivencial i participativa.<\/div>\n","protected":false},"excerpt":{"rendered":"<p><a href=\"https:\/\/agora.xtec.cat\/ceellevant\/wp-content\/uploads\/usu999\/2025\/11\/Copia-de-FINALPublicacio_Difusio_TallerSexoafectivitat_V3.pdf.jpg\"><\/a><br \/>\nUs fem arribar la informaci\u00f3 d\u2019una\u00a0formaci\u00f3 adre\u00e7ada a fam\u00edlies de persones amb diversitat funcional, que vol ser, sobretot,\u00a0un espai de reflexi\u00f3 compartida i d\u2019intercanvi d\u2019experi\u00e8ncies.<\/p>\n<p>Les fam\u00edlies teniu un paper clau en la vida de les persones amb diversitat funcional: sou referents, figures d\u2019acompanyament i&hellip;  <a href=\"https:\/\/agora.xtec.cat\/ceellevant\/general\/seminari-parlem-de-sexoafectivitat-i-diversitat-funcional-sensibilitzacio-prevencio-drets-i-cures\/\" title=\"Read SEMINARI: Parlem de sexoafectivitat i diversitat funcional: sensibilitzaci\u00f3, prevenci\u00f3, drets i cures\">Llegeix m\u00e9s\u00bb<\/a><\/p>\n","protected":false},"author":1,"featured_media":0,"comment_status":"open","ping_status":"open","sticky":false,"template":"","format":"standard","meta":{"_bbp_topic_count":0,"_bbp_reply_count":0,"_bbp_total_topic_count":0,"_bbp_total_reply_count":0,"_bbp_voice_count":0,"_bbp_anonymous_reply_count":0,"_bbp_topic_count_hidden":0,"_bbp_reply_count_hidden":0,"_bbp_forum_subforum_count":0,"footnotes":""},"categories":[1,4],"tags":[407,190,174],"class_list":["post-5446","post","type-post","status-publish","format-standard","hentry","category-general","category-portada","tag-curs-25-26","tag-families","tag-formacio"],"post_mailing_queue_ids":[],"_links":{"self":[{"href":"https:\/\/agora.xtec.cat\/ceellevant\/wp-json\/wp\/v2\/posts\/5446","targetHints":{"allow":["GET"]}}],"collection":[{"href":"https:\/\/agora.xtec.cat\/ceellevant\/wp-json\/wp\/v2\/posts"}],"about":[{"href":"https:\/\/agora.xtec.cat\/ceellevant\/wp-json\/wp\/v2\/types\/post"}],"author":[{"embeddable":true,"href":"https:\/\/agora.xtec.cat\/ceellevant\/wp-json\/wp\/v2\/users\/1"}],"replies":[{"embeddable":true,"href":"https:\/\/agora.xtec.cat\/ceellevant\/wp-json\/wp\/v2\/comments?post=5446"}],"version-history":[{"count":2,"href":"https:\/\/agora.xtec.cat\/ceellevant\/wp-json\/wp\/v2\/posts\/5446\/revisions"}],"predecessor-version":[{"id":5448,"href":"https:\/\/agora.xtec.cat\/ceellevant\/wp-json\/wp\/v2\/posts\/5446\/revisions\/5448"}],"wp:attachment":[{"href":"https:\/\/agora.xtec.cat\/ceellevant\/wp-json\/wp\/v2\/media?parent=5446"}],"wp:term":[{"taxonomy":"category","embeddable":true,"href":"https:\/\/agora.xtec.cat\/ceellevant\/wp-json\/wp\/v2\/categories?post=5446"},{"taxonomy":"post_tag","embeddable":true,"href":"https:\/\/agora.xtec.cat\/ceellevant\/wp-json\/wp\/v2\/tags?post=5446"}],"curies":[{"name":"wp","href":"https:\/\/api.w.org\/{rel}","templated":true}]}}