{"id":5412,"date":"2025-06-10T09:50:29","date_gmt":"2025-06-10T07:50:29","guid":{"rendered":"https:\/\/agora.xtec.cat\/ceellevant\/?p=5412"},"modified":"2025-06-10T09:50:29","modified_gmt":"2025-06-10T07:50:29","slug":"servei-dacompanyament-a-les-platges-de-badalona","status":"publish","type":"post","link":"https:\/\/agora.xtec.cat\/ceellevant\/general\/servei-dacompanyament-a-les-platges-de-badalona\/","title":{"rendered":"SERVEI D&#8217;ACOMPANYAMENT A LES PLATGES DE BADALONA"},"content":{"rendered":"<p><a href=\"https:\/\/agora.xtec.cat\/ceellevant\/wp-content\/uploads\/usu999\/2025\/06\/cadira-amfibia-25_diptic-001.jpg\"><img loading=\"lazy\" decoding=\"async\" class=\"size-large wp-image-5413 aligncenter\" src=\"https:\/\/agora.xtec.cat\/ceellevant\/wp-content\/uploads\/usu999\/2025\/06\/cadira-amfibia-25_diptic-001-1024x724.jpg\" alt=\"\" width=\"1024\" height=\"724\" srcset=\"https:\/\/agora.xtec.cat\/ceellevant\/wp-content\/uploads\/usu999\/2025\/06\/cadira-amfibia-25_diptic-001-1024x724.jpg 1024w, https:\/\/agora.xtec.cat\/ceellevant\/wp-content\/uploads\/usu999\/2025\/06\/cadira-amfibia-25_diptic-001-300x212.jpg 300w, https:\/\/agora.xtec.cat\/ceellevant\/wp-content\/uploads\/usu999\/2025\/06\/cadira-amfibia-25_diptic-001-768x543.jpg 768w, https:\/\/agora.xtec.cat\/ceellevant\/wp-content\/uploads\/usu999\/2025\/06\/cadira-amfibia-25_diptic-001-1536x1086.jpg 1536w, https:\/\/agora.xtec.cat\/ceellevant\/wp-content\/uploads\/usu999\/2025\/06\/cadira-amfibia-25_diptic-001.jpg 1684w\" sizes=\"auto, (max-width: 1024px) 100vw, 1024px\" \/><\/a><\/p>\n<p><a href=\"https:\/\/agora.xtec.cat\/ceellevant\/wp-content\/uploads\/usu999\/2025\/06\/cadira-amfibia-25_diptic-002.jpg\"><br \/>\n<img loading=\"lazy\" decoding=\"async\" class=\"size-large wp-image-5414 aligncenter\" src=\"https:\/\/agora.xtec.cat\/ceellevant\/wp-content\/uploads\/usu999\/2025\/06\/cadira-amfibia-25_diptic-002-1024x724.jpg\" alt=\"\" width=\"1024\" height=\"724\" srcset=\"https:\/\/agora.xtec.cat\/ceellevant\/wp-content\/uploads\/usu999\/2025\/06\/cadira-amfibia-25_diptic-002-1024x724.jpg 1024w, https:\/\/agora.xtec.cat\/ceellevant\/wp-content\/uploads\/usu999\/2025\/06\/cadira-amfibia-25_diptic-002-300x212.jpg 300w, https:\/\/agora.xtec.cat\/ceellevant\/wp-content\/uploads\/usu999\/2025\/06\/cadira-amfibia-25_diptic-002-768x543.jpg 768w, https:\/\/agora.xtec.cat\/ceellevant\/wp-content\/uploads\/usu999\/2025\/06\/cadira-amfibia-25_diptic-002-1536x1086.jpg 1536w, https:\/\/agora.xtec.cat\/ceellevant\/wp-content\/uploads\/usu999\/2025\/06\/cadira-amfibia-25_diptic-002.jpg 1684w\" sizes=\"auto, (max-width: 1024px) 100vw, 1024px\" \/><\/a><\/p>\n<p><a href=\"https:\/\/agora.xtec.cat\/ceellevant\/wp-content\/uploads\/usu999\/2025\/06\/cadira-amfibia-25_diptic-002.jpg\">\u00a0T<\/a><a href=\"https:\/\/agora.xtec.cat\/ceellevant\/wp-content\/uploads\/usu999\/2025\/06\/cadira-amfibia-25_diptic-002.jpg\">robareu tamb\u00e9 informaci\u00f3 a la cap\u00e7alera de la web de l\u2019ajuntament que us portar\u00e0 a la p\u00e0gina de platges, i a la informaci\u00f3 referent al servei d\u2019acompanyament a l\u2019aigua per a persones amb diversitat funcional. <u><\/u><\/a><u><a id=\"m_1943937440312305094m_7279381807273720934OWA64ef81da-372a-8436-3ead-01d2f2daab7d\" href=\"https:\/\/www.badalona.cat\/ca\/serveis-ajuntament\/mediambient-i-sostenibilitat\/platges\" target=\"_blank\" rel=\"noopener\" data-saferedirecturl=\"https:\/\/www.google.com\/url?q=https:\/\/www.badalona.cat\/ca\/serveis-ajuntament\/mediambient-i-sostenibilitat\/platges&amp;source=gmail&amp;ust=1749625628788000&amp;usg=AOvVaw09SBB4dlO38EoSeoeA591g\">https:\/\/www.badalona.cat\/ca\/<wbr \/>serveis-ajuntament\/<wbr \/>mediambient-i-sostenibilitat\/<wbr \/>platges<\/a><\/u><\/p>\n","protected":false},"excerpt":{"rendered":"<p><a href=\"https:\/\/agora.xtec.cat\/ceellevant\/wp-content\/uploads\/usu999\/2025\/06\/cadira-amfibia-25_diptic-001.jpg\"><\/a><br \/>\n<a href=\"https:\/\/agora.xtec.cat\/ceellevant\/wp-content\/uploads\/usu999\/2025\/06\/cadira-amfibia-25_diptic-002.jpg\"><br \/>\n<\/a><br \/>\n<a href=\"https:\/\/agora.xtec.cat\/ceellevant\/wp-content\/uploads\/usu999\/2025\/06\/cadira-amfibia-25_diptic-002.jpg\">\u00a0T<\/a><a href=\"https:\/\/agora.xtec.cat\/ceellevant\/wp-content\/uploads\/usu999\/2025\/06\/cadira-amfibia-25_diptic-002.jpg\">robareu tamb\u00e9 informaci\u00f3 a la cap\u00e7alera de la web de l\u2019ajuntament que us portar\u00e0 a la p\u00e0gina de platges, i a la informaci\u00f3 referent al servei d\u2019acompanyament a l\u2019aigua per a persones amb diversitat funcional. <\/a><a id=\"m_1943937440312305094m_7279381807273720934OWA64ef81da-372a-8436-3ead-01d2f2daab7d\" href=\"https:\/\/www.badalona.cat\/ca\/serveis-ajuntament\/mediambient-i-sostenibilitat\/platges\" target=\"_blank\" rel=\"noopener\" data-saferedirecturl=\"https:\/\/www.google.com\/url?q=https:\/\/www.badalona.cat\/ca\/serveis-ajuntament\/mediambient-i-sostenibilitat\/platges&amp;source=gmail&amp;ust=1749625628788000&amp;usg=AOvVaw09SBB4dlO38EoSeoeA591g\">https:\/\/www.badalona.cat\/ca\/serveis-ajuntament\/mediambient-i-sostenibilitat\/platges<\/a><\/p>\n","protected":false},"author":1,"featured_media":0,"comment_status":"open","ping_status":"open","sticky":false,"template":"","format":"standard","meta":{"_bbp_topic_count":0,"_bbp_reply_count":0,"_bbp_total_topic_count":0,"_bbp_total_reply_count":0,"_bbp_voice_count":0,"_bbp_anonymous_reply_count":0,"_bbp_topic_count_hidden":0,"_bbp_reply_count_hidden":0,"_bbp_forum_subforum_count":0,"footnotes":""},"categories":[1,4],"tags":[406,295,349],"class_list":["post-5412","post","type-post","status-publish","format-standard","hentry","category-general","category-portada","tag-accessibilitat","tag-ajuntament-de-badalona","tag-badalona"],"post_mailing_queue_ids":[],"_links":{"self":[{"href":"https:\/\/agora.xtec.cat\/ceellevant\/wp-json\/wp\/v2\/posts\/5412","targetHints":{"allow":["GET"]}}],"collection":[{"href":"https:\/\/agora.xtec.cat\/ceellevant\/wp-json\/wp\/v2\/posts"}],"about":[{"href":"https:\/\/agora.xtec.cat\/ceellevant\/wp-json\/wp\/v2\/types\/post"}],"author":[{"embeddable":true,"href":"https:\/\/agora.xtec.cat\/ceellevant\/wp-json\/wp\/v2\/users\/1"}],"replies":[{"embeddable":true,"href":"https:\/\/agora.xtec.cat\/ceellevant\/wp-json\/wp\/v2\/comments?post=5412"}],"version-history":[{"count":1,"href":"https:\/\/agora.xtec.cat\/ceellevant\/wp-json\/wp\/v2\/posts\/5412\/revisions"}],"predecessor-version":[{"id":5415,"href":"https:\/\/agora.xtec.cat\/ceellevant\/wp-json\/wp\/v2\/posts\/5412\/revisions\/5415"}],"wp:attachment":[{"href":"https:\/\/agora.xtec.cat\/ceellevant\/wp-json\/wp\/v2\/media?parent=5412"}],"wp:term":[{"taxonomy":"category","embeddable":true,"href":"https:\/\/agora.xtec.cat\/ceellevant\/wp-json\/wp\/v2\/categories?post=5412"},{"taxonomy":"post_tag","embeddable":true,"href":"https:\/\/agora.xtec.cat\/ceellevant\/wp-json\/wp\/v2\/tags?post=5412"}],"curies":[{"name":"wp","href":"https:\/\/api.w.org\/{rel}","templated":true}]}}