{"id":5371,"date":"2025-04-09T20:51:14","date_gmt":"2025-04-09T18:51:14","guid":{"rendered":"https:\/\/agora.xtec.cat\/ceellevant\/?p=5371"},"modified":"2025-04-09T20:51:14","modified_gmt":"2025-04-09T18:51:14","slug":"projecte-yayoi-kusama-cicle-infantil","status":"publish","type":"post","link":"https:\/\/agora.xtec.cat\/ceellevant\/general\/projecte-yayoi-kusama-cicle-infantil\/","title":{"rendered":"PROJECTE YAYOI KUSAMA &#8211; CICLE INFANTIL"},"content":{"rendered":"<p data-pm-slice=\"1 1 []\">Us deixem aquest v\u00eddeo amb un petit recull de tot el treball que hem fet els alumnes del cicle infantil a trav\u00e9s del projecte de Yayoi Kusama. Com podreu veure est\u00e0 tot ple de punts de molts colors, basats en els diferents treballs d&#8217;aquesta artista.<\/p>\n<p><iframe loading=\"lazy\" title=\"CEE LLEVANT - YAYOY KUSAMA - CICLE INFANTIL\" width=\"500\" height=\"281\" src=\"https:\/\/www.youtube.com\/embed\/zlK5SZWecFA?feature=oembed\" frameborder=\"0\" allow=\"accelerometer; autoplay; clipboard-write; encrypted-media; gyroscope; picture-in-picture; web-share\" referrerpolicy=\"strict-origin-when-cross-origin\" allowfullscreen><\/iframe><\/p>\n<p>&nbsp;<\/p>\n<p>&nbsp;<\/p>\n","protected":false},"excerpt":{"rendered":"<p>Us deixem aquest v\u00eddeo amb un petit recull de tot el treball que hem fet els alumnes del cicle infantil a trav\u00e9s del projecte de Yayoi Kusama. Com podreu veure est\u00e0 tot ple de punts de molts colors, basats en els diferents treballs d&#8217;aquesta artista.<\/p>\n<p>&nbsp;<br \/>\n&nbsp;<\/p>\n","protected":false},"author":1,"featured_media":5375,"comment_status":"open","ping_status":"closed","sticky":false,"template":"","format":"standard","meta":{"_bbp_topic_count":0,"_bbp_reply_count":0,"_bbp_total_topic_count":0,"_bbp_total_reply_count":0,"_bbp_voice_count":0,"_bbp_anonymous_reply_count":0,"_bbp_topic_count_hidden":0,"_bbp_reply_count_hidden":0,"_bbp_forum_subforum_count":0,"footnotes":""},"categories":[54,1,4],"tags":[403,37,404,110,17,341],"class_list":["post-5371","post","type-post","status-publish","format-standard","has-post-thumbnail","hentry","category-infantil","category-general","category-portada","tag-art","tag-cicle-infantil","tag-creativitat","tag-etapa-infantil","tag-plastica","tag-projecte"],"post_mailing_queue_ids":[],"_links":{"self":[{"href":"https:\/\/agora.xtec.cat\/ceellevant\/wp-json\/wp\/v2\/posts\/5371","targetHints":{"allow":["GET"]}}],"collection":[{"href":"https:\/\/agora.xtec.cat\/ceellevant\/wp-json\/wp\/v2\/posts"}],"about":[{"href":"https:\/\/agora.xtec.cat\/ceellevant\/wp-json\/wp\/v2\/types\/post"}],"author":[{"embeddable":true,"href":"https:\/\/agora.xtec.cat\/ceellevant\/wp-json\/wp\/v2\/users\/1"}],"replies":[{"embeddable":true,"href":"https:\/\/agora.xtec.cat\/ceellevant\/wp-json\/wp\/v2\/comments?post=5371"}],"version-history":[{"count":3,"href":"https:\/\/agora.xtec.cat\/ceellevant\/wp-json\/wp\/v2\/posts\/5371\/revisions"}],"predecessor-version":[{"id":5374,"href":"https:\/\/agora.xtec.cat\/ceellevant\/wp-json\/wp\/v2\/posts\/5371\/revisions\/5374"}],"wp:featuredmedia":[{"embeddable":true,"href":"https:\/\/agora.xtec.cat\/ceellevant\/wp-json\/wp\/v2\/media\/5375"}],"wp:attachment":[{"href":"https:\/\/agora.xtec.cat\/ceellevant\/wp-json\/wp\/v2\/media?parent=5371"}],"wp:term":[{"taxonomy":"category","embeddable":true,"href":"https:\/\/agora.xtec.cat\/ceellevant\/wp-json\/wp\/v2\/categories?post=5371"},{"taxonomy":"post_tag","embeddable":true,"href":"https:\/\/agora.xtec.cat\/ceellevant\/wp-json\/wp\/v2\/tags?post=5371"}],"curies":[{"name":"wp","href":"https:\/\/api.w.org\/{rel}","templated":true}]}}