{"id":5357,"date":"2025-03-27T11:12:35","date_gmt":"2025-03-27T10:12:35","guid":{"rendered":"https:\/\/agora.xtec.cat\/ceellevant\/?p=5357"},"modified":"2025-03-27T11:13:30","modified_gmt":"2025-03-27T10:13:30","slug":"visita-dalcaldia-amb-un-compromis-clar","status":"publish","type":"post","link":"https:\/\/agora.xtec.cat\/ceellevant\/general\/visita-dalcaldia-amb-un-compromis-clar\/","title":{"rendered":"VISITA D&#8217;ALCALDIA AMB UN COMPROM\u00cdS CLAR"},"content":{"rendered":"<p data-pm-slice=\"1 1 []\">El dia 20 de mar\u00e7, l&#8217;alcalde el Sr. Xavier Garcia Albiol i la regidora i vicepresidenta de l\u2019IMSP Eva Guillen, van visitar les dues escoles d&#8217;educaci\u00f3 especial del municipi, Llevant i Can Barriga, amb l&#8217;objectiu de comprovar l&#8217;estat de les infraestructures.<\/p>\n<p data-pm-slice=\"1 1 []\">Durant el recorregut, ha pogut constatar la precarietat de les condicions en qu\u00e8 es troben els centres, aix\u00ed com la manca d&#8217;adaptaci\u00f3 de l&#8217;entorn a les necessitats espec\u00edfiques de l&#8217;alumnat.<\/p>\n<p data-pm-slice=\"1 1 []\">L&#8217;alcalde ha destacat que la situaci\u00f3 actual no compleix amb els est\u00e0ndards m\u00ednims per garantir un entorn adequat i segur per a l&#8217;educaci\u00f3 d\u2019aquests infants i joves, i ha expressat la seva preocupaci\u00f3 per la falta d&#8217;inversions en aquestes instal\u00b7lacions.<\/p>\n<p data-pm-slice=\"1 1 []\">Ha anunciat que en els propers dies presentar\u00e0 una proposta de projecte per millorar les condicions d&#8217;aquests centres, amb l&#8217;objectiu d&#8217;oferir un entorn educatiu m\u00e9s adequat per a l&#8217;alumnat, comprometent-se a iniciar les obres abans de finalitzar l\u2019actual mandat.<\/p>\n<p data-pm-slice=\"1 1 []\">\r\n\t<div class=\"slideshow_container slideshow_container_style-light\" style=\"height: 300px; \" data-slideshow-id=\"5356\" data-style-name=\"style-light\" data-style-version=\"2.3.1\" >\r\n\r\n\t\t\t\t\t<div class=\"slideshow_loading_icon\"><\/div>\r\n\t\t\r\n\t\t<div class=\"slideshow_content\" style=\"display: none;\">\r\n\r\n\t\t\t<div class=\"slideshow_view\">\r\n\t\t\t\t<div class=\"slideshow_slide slideshow_slide_image\">\r\n\t\t\t\t\t\t\t\t\t\t\t<img src=\"https:\/\/agora.xtec.cat\/ceellevant\/wp-content\/uploads\/usu999\/2025\/03\/WhatsApp-Image-2025-03-27-at-10.20.39.jpeg\" alt=\"WhatsApp Image 2025-03-27 at 10.20.39\" width=\"1600\" height=\"1200\" \/>\r\n\t\t\t\t\t\t\t\t\t\t<div class=\"slideshow_description_box slideshow_transparent\">\r\n\t\t\t\t\t\t<div class=\"slideshow_title\">WhatsApp Image 2025-03-27 at 10.20.39<\/div>\t\t\t\t\t\t\t\t\t\t\t<\/div>\r\n\t\t\t\t<\/div>\r\n\r\n\t\t\t\t\t\t<div style=\"clear: both;\"><\/div><\/div><div class=\"slideshow_view\">\r\n\t\t\t\t<div class=\"slideshow_slide slideshow_slide_image\">\r\n\t\t\t\t\t\t\t\t\t\t\t<img src=\"https:\/\/agora.xtec.cat\/ceellevant\/wp-content\/uploads\/usu999\/2025\/03\/WhatsApp-Image-2025-03-27-at-10.20.21.jpeg\" alt=\"WhatsApp Image 2025-03-27 at 10.20.21\" width=\"1428\" height=\"1071\" \/>\r\n\t\t\t\t\t\t\t\t\t\t<div class=\"slideshow_description_box slideshow_transparent\">\r\n\t\t\t\t\t\t<div class=\"slideshow_title\">WhatsApp Image 2025-03-27 at 10.20.21<\/div>\t\t\t\t\t\t\t\t\t\t\t<\/div>\r\n\t\t\t\t<\/div>\r\n\r\n\t\t\t\t\t\t<div style=\"clear: both;\"><\/div><\/div><div class=\"slideshow_view\">\r\n\t\t\t\t<div class=\"slideshow_slide slideshow_slide_image\">\r\n\t\t\t\t\t\t\t\t\t\t\t<img src=\"https:\/\/agora.xtec.cat\/ceellevant\/wp-content\/uploads\/usu999\/2025\/03\/WhatsApp-Image-2025-03-27-at-10.20.30.jpeg\" alt=\"WhatsApp Image 2025-03-27 at 10.20.30\" width=\"1586\" height=\"1080\" \/>\r\n\t\t\t\t\t\t\t\t\t\t<div class=\"slideshow_description_box slideshow_transparent\">\r\n\t\t\t\t\t\t<div class=\"slideshow_title\">WhatsApp Image 2025-03-27 at 10.20.30<\/div>\t\t\t\t\t\t\t\t\t\t\t<\/div>\r\n\t\t\t\t<\/div>\r\n\r\n\t\t\t\t\t\t<div style=\"clear: both;\"><\/div><\/div><div class=\"slideshow_view\">\r\n\t\t\t\t<div class=\"slideshow_slide slideshow_slide_image\">\r\n\t\t\t\t\t\t\t\t\t\t\t<img src=\"https:\/\/agora.xtec.cat\/ceellevant\/wp-content\/uploads\/usu999\/2025\/03\/WhatsApp-Image-2025-03-27-at-10.20.50.jpeg\" alt=\"WhatsApp Image 2025-03-27 at 10.20.50\" width=\"1206\" height=\"746\" \/>\r\n\t\t\t\t\t\t\t\t\t\t<div class=\"slideshow_description_box slideshow_transparent\">\r\n\t\t\t\t\t\t<div class=\"slideshow_title\">WhatsApp Image 2025-03-27 at 10.20.50<\/div>\t\t\t\t\t\t\t\t\t\t\t<\/div>\r\n\t\t\t\t<\/div>\r\n\r\n\t\t\t\t\t\t<div style=\"clear: both;\"><\/div><\/div>\r\n\t\t<\/div>\r\n\r\n\t\t<div class=\"slideshow_controlPanel slideshow_transparent\" style=\"display: none;\"><ul><li class=\"slideshow_togglePlay\" data-play-text=\"Visualitza\" data-pause-text=\"Pausa\"><\/li><\/ul><\/div>\r\n\r\n\t\t<div class=\"slideshow_button slideshow_previous slideshow_transparent\" role=\"button\" data-previous-text=\"Anterior\" style=\"display: none;\"><\/div>\r\n\t\t<div class=\"slideshow_button slideshow_next slideshow_transparent\" role=\"button\" data-next-text=\"Seg\u00fcent\" style=\"display: none;\"><\/div>\r\n\r\n\t\t<div class=\"slideshow_pagination\" style=\"display: none;\" data-go-to-text=\"V\u00e9s a la diapositiva\"><div class=\"slideshow_pagination_center\"><\/div><\/div>\r\n\r\n\t\t<!-- WordPress Slideshow Version 2.3.1 -->\r\n\r\n\t\t\t<\/div>\r\n\r\n<\/p>\n","protected":false},"excerpt":{"rendered":"<p>El dia 20 de mar\u00e7, l&#8217;alcalde el Sr. Xavier Garcia Albiol i la regidora i vicepresidenta de l\u2019IMSP Eva Guillen, van visitar les dues escoles d&#8217;educaci\u00f3 especial del municipi, Llevant i Can Barriga, amb l&#8217;objectiu de comprovar l&#8217;estat de les infraestructures.<br \/>\nDurant el recorregut, ha pogut&hellip;  <a href=\"https:\/\/agora.xtec.cat\/ceellevant\/general\/visita-dalcaldia-amb-un-compromis-clar\/\" title=\"Read VISITA D&#8217;ALCALDIA AMB UN COMPROM\u00cdS CLAR\">Llegeix m\u00e9s\u00bb<\/a><\/p>\n","protected":false},"author":1,"featured_media":0,"comment_status":"open","ping_status":"closed","sticky":false,"template":"","format":"standard","meta":{"_bbp_topic_count":0,"_bbp_reply_count":0,"_bbp_total_topic_count":0,"_bbp_total_reply_count":0,"_bbp_voice_count":0,"_bbp_anonymous_reply_count":0,"_bbp_topic_count_hidden":0,"_bbp_reply_count_hidden":0,"_bbp_forum_subforum_count":0,"footnotes":""},"categories":[1,4],"tags":[87,336,401,37,97,117,400,389,402,294],"class_list":["post-5357","post","type-post","status-publish","format-standard","hentry","category-general","category-portada","tag-activitats-ciutat","tag-afa","tag-alcaldia","tag-cicle-infantil","tag-cicle-inicial","tag-cicle-mitja","tag-compris","tag-curs-24-25","tag-escola-can-barriga","tag-escola-llevant"],"post_mailing_queue_ids":[],"_links":{"self":[{"href":"https:\/\/agora.xtec.cat\/ceellevant\/wp-json\/wp\/v2\/posts\/5357","targetHints":{"allow":["GET"]}}],"collection":[{"href":"https:\/\/agora.xtec.cat\/ceellevant\/wp-json\/wp\/v2\/posts"}],"about":[{"href":"https:\/\/agora.xtec.cat\/ceellevant\/wp-json\/wp\/v2\/types\/post"}],"author":[{"embeddable":true,"href":"https:\/\/agora.xtec.cat\/ceellevant\/wp-json\/wp\/v2\/users\/1"}],"replies":[{"embeddable":true,"href":"https:\/\/agora.xtec.cat\/ceellevant\/wp-json\/wp\/v2\/comments?post=5357"}],"version-history":[{"count":1,"href":"https:\/\/agora.xtec.cat\/ceellevant\/wp-json\/wp\/v2\/posts\/5357\/revisions"}],"predecessor-version":[{"id":5358,"href":"https:\/\/agora.xtec.cat\/ceellevant\/wp-json\/wp\/v2\/posts\/5357\/revisions\/5358"}],"wp:attachment":[{"href":"https:\/\/agora.xtec.cat\/ceellevant\/wp-json\/wp\/v2\/media?parent=5357"}],"wp:term":[{"taxonomy":"category","embeddable":true,"href":"https:\/\/agora.xtec.cat\/ceellevant\/wp-json\/wp\/v2\/categories?post=5357"},{"taxonomy":"post_tag","embeddable":true,"href":"https:\/\/agora.xtec.cat\/ceellevant\/wp-json\/wp\/v2\/tags?post=5357"}],"curies":[{"name":"wp","href":"https:\/\/api.w.org\/{rel}","templated":true}]}}