{"id":5338,"date":"2025-03-04T13:12:35","date_gmt":"2025-03-04T12:12:35","guid":{"rendered":"https:\/\/agora.xtec.cat\/ceellevant\/?p=5338"},"modified":"2025-03-27T11:16:14","modified_gmt":"2025-03-27T10:16:14","slug":"carnaval-2025-badalona-a-lescola","status":"publish","type":"post","link":"https:\/\/agora.xtec.cat\/ceellevant\/general\/carnaval-2025-badalona-a-lescola\/","title":{"rendered":"CARNAVAL 2025: BADALONA A L&#8217;ESCOLA!"},"content":{"rendered":"<p>Aquest any el Carnaval de l&#8217;escola ha estat un homenatge a la nostra ciutat, Badalona! Els diferents cicles han representat els elements m\u00e9s caracter\u00edstics i representatius de la ciutat!<\/p>\n<p>Els m\u00e9s petits van comen\u00e7ar la desfilada amb les <strong>vestimentes de pescadors i peixos<\/strong>, un record a la tradici\u00f3 pesquera que ha estat sempre una part fonamental de la ciutat. Els alumnes del cicle Inicial van representar <strong>els Diables de Badalona<\/strong>, un s\u00edmbol de les festes. Els nens i nenes van sortir amb les seves pr\u00f2pies flames, simulant un correfoc. Els alumnes de cicle Mitj\u00e02 van escollir <strong>els castellers<\/strong> i van fer una petita torre humana amb enxaneta! Finalment, no va faltar el gran <strong>dimoni de Badalona <\/strong>amb el cicle Mitj\u00e01 que va finalitzar la desfilada amb la seva cremada.<\/p>\n<p>L&#8217;AFA i l&#8217;equip directiu tamb\u00e9 van participar amb els seus vestits de ballarines d&#8217;esbart i la representaci\u00f3 de la ciutat romana de Beatulo! Va ser un dia de diversi\u00f3, alegria i cultura! Fins a l&#8217;any vinent, Badalona!<\/p>\n\r\n\t<div class=\"slideshow_container slideshow_container_style-light\" style=\"height: 300px; \" data-slideshow-id=\"5359\" data-style-name=\"style-light\" data-style-version=\"2.3.1\" >\r\n\r\n\t\t\t\t\t<div class=\"slideshow_loading_icon\"><\/div>\r\n\t\t\r\n\t\t<div class=\"slideshow_content\" style=\"display: none;\">\r\n\r\n\t\t\t<div class=\"slideshow_view\">\r\n\t\t\t\t<div class=\"slideshow_slide slideshow_slide_image\">\r\n\t\t\t\t\t\t\t\t\t\t\t<img src=\"https:\/\/agora.xtec.cat\/ceellevant\/wp-content\/uploads\/usu999\/2025\/03\/Carnaval2025-2.jpeg\" alt=\"Carnaval2025 (2)\" width=\"2048\" height=\"1532\" \/>\r\n\t\t\t\t\t\t\t\t\t\t<div class=\"slideshow_description_box slideshow_transparent\">\r\n\t\t\t\t\t\t<div class=\"slideshow_title\">Carnaval2025 (2)<\/div>\t\t\t\t\t\t\t\t\t\t\t<\/div>\r\n\t\t\t\t<\/div>\r\n\r\n\t\t\t\t\t\t<div style=\"clear: both;\"><\/div><\/div><div class=\"slideshow_view\">\r\n\t\t\t\t<div class=\"slideshow_slide slideshow_slide_image\">\r\n\t\t\t\t\t\t\t\t\t\t\t<img src=\"https:\/\/agora.xtec.cat\/ceellevant\/wp-content\/uploads\/usu999\/2025\/03\/Carnaval2025-3.jpeg\" alt=\"Carnaval2025 (3)\" width=\"2048\" height=\"1532\" \/>\r\n\t\t\t\t\t\t\t\t\t\t<div class=\"slideshow_description_box slideshow_transparent\">\r\n\t\t\t\t\t\t<div class=\"slideshow_title\">Carnaval2025 (3)<\/div>\t\t\t\t\t\t\t\t\t\t\t<\/div>\r\n\t\t\t\t<\/div>\r\n\r\n\t\t\t\t\t\t<div style=\"clear: both;\"><\/div><\/div><div class=\"slideshow_view\">\r\n\t\t\t\t<div class=\"slideshow_slide slideshow_slide_image\">\r\n\t\t\t\t\t\t\t\t\t\t\t<img src=\"https:\/\/agora.xtec.cat\/ceellevant\/wp-content\/uploads\/usu999\/2025\/03\/Carnaval2025-4.jpeg\" alt=\"Carnaval2025 (4)\" width=\"2048\" height=\"1532\" \/>\r\n\t\t\t\t\t\t\t\t\t\t<div class=\"slideshow_description_box slideshow_transparent\">\r\n\t\t\t\t\t\t<div class=\"slideshow_title\">Carnaval2025 (4)<\/div>\t\t\t\t\t\t\t\t\t\t\t<\/div>\r\n\t\t\t\t<\/div>\r\n\r\n\t\t\t\t\t\t<div style=\"clear: both;\"><\/div><\/div><div class=\"slideshow_view\">\r\n\t\t\t\t<div class=\"slideshow_slide slideshow_slide_image\">\r\n\t\t\t\t\t\t\t\t\t\t\t<img src=\"https:\/\/agora.xtec.cat\/ceellevant\/wp-content\/uploads\/usu999\/2025\/03\/Carnaval2025-1.jpeg\" alt=\"Carnaval2025 (1)\" width=\"2048\" height=\"1532\" \/>\r\n\t\t\t\t\t\t\t\t\t\t<div class=\"slideshow_description_box slideshow_transparent\">\r\n\t\t\t\t\t\t<div class=\"slideshow_title\">Carnaval2025 (1)<\/div>\t\t\t\t\t\t\t\t\t\t\t<\/div>\r\n\t\t\t\t<\/div>\r\n\r\n\t\t\t\t\t\t<div style=\"clear: both;\"><\/div><\/div>\r\n\t\t<\/div>\r\n\r\n\t\t<div class=\"slideshow_controlPanel slideshow_transparent\" style=\"display: none;\"><ul><li class=\"slideshow_togglePlay\" data-play-text=\"Visualitza\" data-pause-text=\"Pausa\"><\/li><\/ul><\/div>\r\n\r\n\t\t<div class=\"slideshow_button slideshow_previous slideshow_transparent\" role=\"button\" data-previous-text=\"Anterior\" style=\"display: none;\"><\/div>\r\n\t\t<div class=\"slideshow_button slideshow_next slideshow_transparent\" role=\"button\" data-next-text=\"Seg\u00fcent\" style=\"display: none;\"><\/div>\r\n\r\n\t\t<div class=\"slideshow_pagination\" style=\"display: none;\" data-go-to-text=\"V\u00e9s a la diapositiva\"><div class=\"slideshow_pagination_center\"><\/div><\/div>\r\n\r\n\t\t<!-- WordPress Slideshow Version 2.3.1 -->\r\n\r\n\t\t\t<\/div>\r\n\r\n\n","protected":false},"excerpt":{"rendered":"<p>Aquest any el Carnaval de l&#8217;escola ha estat un homenatge a la nostra ciutat, Badalona! Els diferents cicles han representat els elements m\u00e9s caracter\u00edstics i representatius de la ciutat!<br \/>\nEls m\u00e9s petits van comen\u00e7ar la desfilada amb les vestimentes de pescadors i peixos, un record a&hellip;  <a href=\"https:\/\/agora.xtec.cat\/ceellevant\/general\/carnaval-2025-badalona-a-lescola\/\" title=\"Read CARNAVAL 2025: BADALONA A L&#8217;ESCOLA!\">Llegeix m\u00e9s\u00bb<\/a><\/p>\n","protected":false},"author":1,"featured_media":0,"comment_status":"open","ping_status":"closed","sticky":false,"template":"","format":"standard","meta":{"_bbp_topic_count":0,"_bbp_reply_count":0,"_bbp_total_topic_count":0,"_bbp_total_reply_count":0,"_bbp_voice_count":0,"_bbp_anonymous_reply_count":0,"_bbp_topic_count_hidden":0,"_bbp_reply_count_hidden":0,"_bbp_forum_subforum_count":0,"footnotes":""},"categories":[46,47,54,1,4],"tags":[87,35,176,138,125,37,97,117,389,124],"class_list":["post-5338","post","type-post","status-publish","format-standard","hentry","category-cicle-inicial","category-cicle-mitja","category-infantil","category-general","category-portada","tag-activitats-ciutat","tag-activitats-culturals","tag-activitats-escola","tag-activitats-ludiques","tag-carnaval","tag-cicle-infantil","tag-cicle-inicial","tag-cicle-mitja","tag-curs-24-25","tag-festesdescola"],"post_mailing_queue_ids":[],"_links":{"self":[{"href":"https:\/\/agora.xtec.cat\/ceellevant\/wp-json\/wp\/v2\/posts\/5338","targetHints":{"allow":["GET"]}}],"collection":[{"href":"https:\/\/agora.xtec.cat\/ceellevant\/wp-json\/wp\/v2\/posts"}],"about":[{"href":"https:\/\/agora.xtec.cat\/ceellevant\/wp-json\/wp\/v2\/types\/post"}],"author":[{"embeddable":true,"href":"https:\/\/agora.xtec.cat\/ceellevant\/wp-json\/wp\/v2\/users\/1"}],"replies":[{"embeddable":true,"href":"https:\/\/agora.xtec.cat\/ceellevant\/wp-json\/wp\/v2\/comments?post=5338"}],"version-history":[{"count":4,"href":"https:\/\/agora.xtec.cat\/ceellevant\/wp-json\/wp\/v2\/posts\/5338\/revisions"}],"predecessor-version":[{"id":5360,"href":"https:\/\/agora.xtec.cat\/ceellevant\/wp-json\/wp\/v2\/posts\/5338\/revisions\/5360"}],"wp:attachment":[{"href":"https:\/\/agora.xtec.cat\/ceellevant\/wp-json\/wp\/v2\/media?parent=5338"}],"wp:term":[{"taxonomy":"category","embeddable":true,"href":"https:\/\/agora.xtec.cat\/ceellevant\/wp-json\/wp\/v2\/categories?post=5338"},{"taxonomy":"post_tag","embeddable":true,"href":"https:\/\/agora.xtec.cat\/ceellevant\/wp-json\/wp\/v2\/tags?post=5338"}],"curies":[{"name":"wp","href":"https:\/\/api.w.org\/{rel}","templated":true}]}}