{"id":5221,"date":"2024-06-13T14:03:39","date_gmt":"2024-06-13T12:03:39","guid":{"rendered":"https:\/\/agora.xtec.cat\/ceellevant\/?p=5221"},"modified":"2024-06-13T14:03:39","modified_gmt":"2024-06-13T12:03:39","slug":"treball-daula-cicle-mitja-2","status":"publish","type":"post","link":"https:\/\/agora.xtec.cat\/ceellevant\/general\/treball-daula-cicle-mitja-2\/","title":{"rendered":"TREBALL D&#8217;AULA &#8211; CICLE MITJ\u00c0 2"},"content":{"rendered":"<p><span style=\"font-weight: 400;\">Al llarg del curs els alumnes del cicle mitj\u00e0 2 han treballat molt i s\u2019han esfor\u00e7at al m\u00e0xim per continuar aprenent. Us deixem un petit recopilatori d\u2019algunes de les activitats di\u00e0ries que realitzem per refor\u00e7ar els nostres aprenentatges: pre-grafisme, lectura global, experimentaci\u00f3, estimulaci\u00f3 sensorial, ampliaci\u00f3 de vocabulari, re<\/span>for\u00e7ar la motricitat fina <span style=\"font-family: inherit; font-size: 1em;\">i molt m\u00e9s!!\u00a0<\/span><\/p>\n<p><span style=\"font-weight: 400;\">Es mereixen unes bones vacances!\u00a0<\/span><\/p>\n<p><iframe loading=\"lazy\" title=\"CEE LLEVANT - TREBALL D&#039;AULA - CICLE MITJ\u00c0 2\" width=\"500\" height=\"281\" src=\"https:\/\/www.youtube.com\/embed\/DmYNR2_ro3k?feature=oembed\" frameborder=\"0\" allow=\"accelerometer; autoplay; clipboard-write; encrypted-media; gyroscope; picture-in-picture; web-share\" referrerpolicy=\"strict-origin-when-cross-origin\" allowfullscreen><\/iframe><\/p>\n","protected":false},"excerpt":{"rendered":"<p>Al llarg del curs els alumnes del cicle mitj\u00e0 2 han treballat molt i s\u2019han esfor\u00e7at al m\u00e0xim per continuar aprenent. Us deixem un petit recopilatori d\u2019algunes de les activitats di\u00e0ries que realitzem per refor\u00e7ar els nostres aprenentatges: pre-grafisme, lectura global, experimentaci\u00f3, estimulaci\u00f3 sensorial, ampliaci\u00f3&hellip;  <a href=\"https:\/\/agora.xtec.cat\/ceellevant\/general\/treball-daula-cicle-mitja-2\/\" title=\"Read TREBALL D&#8217;AULA &#8211; CICLE MITJ\u00c0 2\">Llegeix m\u00e9s\u00bb<\/a><\/p>\n","protected":false},"author":1,"featured_media":5222,"comment_status":"open","ping_status":"closed","sticky":false,"template":"","format":"standard","meta":{"_bbp_topic_count":0,"_bbp_reply_count":0,"_bbp_total_topic_count":0,"_bbp_total_reply_count":0,"_bbp_voice_count":0,"_bbp_anonymous_reply_count":0,"_bbp_topic_count_hidden":0,"_bbp_reply_count_hidden":0,"_bbp_forum_subforum_count":0,"footnotes":""},"categories":[47,1,4],"tags":[176,138,42,117,347,146,127,384,109,385],"class_list":["post-5221","post","type-post","status-publish","format-standard","has-post-thumbnail","hentry","category-cicle-mitja","category-general","category-portada","tag-activitats-escola","tag-activitats-ludiques","tag-activitats-pedagogiques","tag-cicle-mitja","tag-curs-23-24","tag-educacio-artistica","tag-experimentacio","tag-motricitat","tag-musica","tag-treballa"],"post_mailing_queue_ids":[],"_links":{"self":[{"href":"https:\/\/agora.xtec.cat\/ceellevant\/wp-json\/wp\/v2\/posts\/5221","targetHints":{"allow":["GET"]}}],"collection":[{"href":"https:\/\/agora.xtec.cat\/ceellevant\/wp-json\/wp\/v2\/posts"}],"about":[{"href":"https:\/\/agora.xtec.cat\/ceellevant\/wp-json\/wp\/v2\/types\/post"}],"author":[{"embeddable":true,"href":"https:\/\/agora.xtec.cat\/ceellevant\/wp-json\/wp\/v2\/users\/1"}],"replies":[{"embeddable":true,"href":"https:\/\/agora.xtec.cat\/ceellevant\/wp-json\/wp\/v2\/comments?post=5221"}],"version-history":[{"count":1,"href":"https:\/\/agora.xtec.cat\/ceellevant\/wp-json\/wp\/v2\/posts\/5221\/revisions"}],"predecessor-version":[{"id":5223,"href":"https:\/\/agora.xtec.cat\/ceellevant\/wp-json\/wp\/v2\/posts\/5221\/revisions\/5223"}],"wp:featuredmedia":[{"embeddable":true,"href":"https:\/\/agora.xtec.cat\/ceellevant\/wp-json\/wp\/v2\/media\/5222"}],"wp:attachment":[{"href":"https:\/\/agora.xtec.cat\/ceellevant\/wp-json\/wp\/v2\/media?parent=5221"}],"wp:term":[{"taxonomy":"category","embeddable":true,"href":"https:\/\/agora.xtec.cat\/ceellevant\/wp-json\/wp\/v2\/categories?post=5221"},{"taxonomy":"post_tag","embeddable":true,"href":"https:\/\/agora.xtec.cat\/ceellevant\/wp-json\/wp\/v2\/tags?post=5221"}],"curies":[{"name":"wp","href":"https:\/\/api.w.org\/{rel}","templated":true}]}}