{"id":5187,"date":"2024-05-23T14:00:01","date_gmt":"2024-05-23T12:00:01","guid":{"rendered":"https:\/\/agora.xtec.cat\/ceellevant\/?p=5187"},"modified":"2024-05-23T12:19:14","modified_gmt":"2024-05-23T10:19:14","slug":"educacio-fisica-i-psicomotricitat-cicle-inicial","status":"publish","type":"post","link":"https:\/\/agora.xtec.cat\/ceellevant\/general\/educacio-fisica-i-psicomotricitat-cicle-inicial\/","title":{"rendered":"EDUCACI\u00d3 F\u00cdSICA I PSICOMOTRICITAT &#8211; CICLE INICIAL"},"content":{"rendered":"<p class=\"cvGsUA direction-ltr align-center para-style-body\"><span class=\"OYPEnA text-decoration-none text-strikethrough-none\">El cicle inicial els dimecres ens dividim en grups flexibles i un grup fa educaci\u00f3 f\u00edsica i l&#8217;altra psicomotricitat.<\/span><\/p>\n<p class=\"cvGsUA direction-ltr align-center para-style-body\"><span class=\"OYPEnA text-decoration-none text-strikethrough-none\">L&#8217;educaci\u00f3 f\u00edsica ens permet treballar molts aspectes com l&#8217;espera, els torns, r\u00e0pid i lent, moviments psicomotrius que afavoreixen el nostre desenvolupament i el seguiment d&#8217;un circuit. \u00c9s una activitat que ens agrada molt! <\/span><span class=\"OYPEnA text-decoration-none text-strikethrough-none\">A psicomotricitat treballem molt la consci\u00e8ncia del nostre propi cos amb materials de tota mena (pilotes, saltador&#8230;). Treballem tamb\u00e9 la nostra autoregulaci\u00f3 emocional o ens divertim molt!<\/span><\/p>\n<p class=\"cvGsUA direction-ltr align-center para-style-body\"><span class=\"OYPEnA text-decoration-none text-strikethrough-none\">Esperem que us agradi tant com a nosaltres!<\/span><\/p>\n<p><iframe loading=\"lazy\" title=\"CEE LLEVANT - EDUCACI\u00d3 F\u00cdSICA I PSICOMOTRICITAT - CICLE INICIAL\" width=\"500\" height=\"375\" src=\"https:\/\/www.youtube.com\/embed\/znTGxKY6SjU?feature=oembed\" frameborder=\"0\" allow=\"accelerometer; autoplay; clipboard-write; encrypted-media; gyroscope; picture-in-picture; web-share\" referrerpolicy=\"strict-origin-when-cross-origin\" allowfullscreen><\/iframe><\/p>\n","protected":false},"excerpt":{"rendered":"<p>El cicle inicial els dimecres ens dividim en grups flexibles i un grup fa educaci\u00f3 f\u00edsica i l&#8217;altra psicomotricitat.<br \/>\nL&#8217;educaci\u00f3 f\u00edsica ens permet treballar molts aspectes com l&#8217;espera, els torns, r\u00e0pid i lent, moviments psicomotrius que afavoreixen el nostre desenvolupament i el seguiment d&#8217;un circuit. \u00c9s&hellip;  <a href=\"https:\/\/agora.xtec.cat\/ceellevant\/general\/educacio-fisica-i-psicomotricitat-cicle-inicial\/\" title=\"Read EDUCACI\u00d3 F\u00cdSICA I PSICOMOTRICITAT &#8211; CICLE INICIAL\">Llegeix m\u00e9s\u00bb<\/a><\/p>\n","protected":false},"author":1,"featured_media":0,"comment_status":"open","ping_status":"closed","sticky":false,"template":"","format":"standard","meta":{"_bbp_topic_count":0,"_bbp_reply_count":0,"_bbp_total_topic_count":0,"_bbp_total_reply_count":0,"_bbp_voice_count":0,"_bbp_anonymous_reply_count":0,"_bbp_topic_count_hidden":0,"_bbp_reply_count_hidden":0,"_bbp_forum_subforum_count":0,"footnotes":""},"categories":[46,1,4],"tags":[375,97,376,347,131,359,18,365],"class_list":["post-5187","post","type-post","status-publish","format-standard","hentry","category-cicle-inicial","category-general","category-portada","tag-autoregulacio","tag-cicle-inicial","tag-circuit","tag-curs-23-24","tag-educacio-fisica","tag-moviment","tag-psicomotricitat","tag-relaxacio"],"post_mailing_queue_ids":[],"_links":{"self":[{"href":"https:\/\/agora.xtec.cat\/ceellevant\/wp-json\/wp\/v2\/posts\/5187","targetHints":{"allow":["GET"]}}],"collection":[{"href":"https:\/\/agora.xtec.cat\/ceellevant\/wp-json\/wp\/v2\/posts"}],"about":[{"href":"https:\/\/agora.xtec.cat\/ceellevant\/wp-json\/wp\/v2\/types\/post"}],"author":[{"embeddable":true,"href":"https:\/\/agora.xtec.cat\/ceellevant\/wp-json\/wp\/v2\/users\/1"}],"replies":[{"embeddable":true,"href":"https:\/\/agora.xtec.cat\/ceellevant\/wp-json\/wp\/v2\/comments?post=5187"}],"version-history":[{"count":1,"href":"https:\/\/agora.xtec.cat\/ceellevant\/wp-json\/wp\/v2\/posts\/5187\/revisions"}],"predecessor-version":[{"id":5188,"href":"https:\/\/agora.xtec.cat\/ceellevant\/wp-json\/wp\/v2\/posts\/5187\/revisions\/5188"}],"wp:attachment":[{"href":"https:\/\/agora.xtec.cat\/ceellevant\/wp-json\/wp\/v2\/media?parent=5187"}],"wp:term":[{"taxonomy":"category","embeddable":true,"href":"https:\/\/agora.xtec.cat\/ceellevant\/wp-json\/wp\/v2\/categories?post=5187"},{"taxonomy":"post_tag","embeddable":true,"href":"https:\/\/agora.xtec.cat\/ceellevant\/wp-json\/wp\/v2\/tags?post=5187"}],"curies":[{"name":"wp","href":"https:\/\/api.w.org\/{rel}","templated":true}]}}