{"id":5165,"date":"2024-05-16T12:56:17","date_gmt":"2024-05-16T10:56:17","guid":{"rendered":"https:\/\/agora.xtec.cat\/ceellevant\/?p=5165"},"modified":"2024-05-16T12:57:48","modified_gmt":"2024-05-16T10:57:48","slug":"cicle-de-xerrades-informatives-per-families","status":"publish","type":"post","link":"https:\/\/agora.xtec.cat\/ceellevant\/general\/cicle-de-xerrades-informatives-per-families\/","title":{"rendered":"CICLE DE XERRADES INFORMATIVES PER FAM\u00cdLIES"},"content":{"rendered":"<p><span style=\"font-weight: 400;\">L\u2019Associaci\u00f3 de fam\u00edlies de l&#8217;escola Llevant (AFA) est\u00e0 realitzant un cicle de xerrades informatives i formatives per donar resposta a les necessitats i inquietuds que tenen com a mares i pares.<\/span><\/p>\n<p><span style=\"font-weight: 400;\">Els dies 7 i 8 de maig van organitzar una xerrada informativa sobre &#8220;Tutela&#8221;.\u00a0\u00a0<\/span><\/p>\n<p><span style=\"font-weight: 400;\">La Fundaci\u00f3 Sique va ser l&#8217;encarregada de dur-la a terme amb la col\u00b7laboraci\u00f3 d&#8217;una advocada i el responsable de l&#8217;\u00c0rea Tuteles.\u00a0<\/span><\/p>\n<p><span style=\"font-weight: 400;\">La sessi\u00f3 va ser molt complerta i es van tractar tots els aspectes que s\u2019han de tenir en compte <\/span><span style=\"font-weight: 400;\">per garantir una protecci\u00f3 integral de les persones amb la capacitat d\u2019obrar modificada judicialment, tant pel que fa a la seva persona, com a la seva salut i el seu patrimoni.<\/span><span style=\"font-weight: 400;\"><br \/>\n<\/span><span style=\"font-weight: 400;\"><br \/>\n<\/span><span style=\"font-weight: 400;\">Les fam\u00edlies han valorat molt positivament con\u00e8ixer tota aquesta informaci\u00f3 per poder gestionar millor la seva realitat i poder planificar un futur m\u00e9s segur i tranquil.<\/span><\/p>\n\r\n\t<div class=\"slideshow_container slideshow_container_style-light\" style=\"height: 300px; \" data-slideshow-id=\"5164\" data-style-name=\"style-light\" data-style-version=\"2.3.1\" >\r\n\r\n\t\t\t\t\t<div class=\"slideshow_loading_icon\"><\/div>\r\n\t\t\r\n\t\t<div class=\"slideshow_content\" style=\"display: none;\">\r\n\r\n\t\t\t<div class=\"slideshow_view\">\r\n\t\t\t\t<div class=\"slideshow_slide slideshow_slide_image\">\r\n\t\t\t\t\t\t\t\t\t\t\t<img src=\"https:\/\/agora.xtec.cat\/ceellevant\/wp-content\/uploads\/usu999\/2024\/05\/WhatsApp-Image-2024-05-16-at-11.44.46-1.jpeg\" alt=\"WhatsApp Image 2024-05-16 at 11.44.46 (1)\" width=\"448\" height=\"336\" \/>\r\n\t\t\t\t\t\t\t\t\t\t<div class=\"slideshow_description_box slideshow_transparent\">\r\n\t\t\t\t\t\t<div class=\"slideshow_title\">WhatsApp Image 2024-05-16 at 11.44.46 (1)<\/div>\t\t\t\t\t\t\t\t\t\t\t<\/div>\r\n\t\t\t\t<\/div>\r\n\r\n\t\t\t\t\t\t<div style=\"clear: both;\"><\/div><\/div><div class=\"slideshow_view\">\r\n\t\t\t\t<div class=\"slideshow_slide slideshow_slide_image\">\r\n\t\t\t\t\t\t\t\t\t\t\t<img src=\"https:\/\/agora.xtec.cat\/ceellevant\/wp-content\/uploads\/usu999\/2024\/05\/WhatsApp-Image-2024-05-16-at-11.44.46-2.jpeg\" alt=\"WhatsApp Image 2024-05-16 at 11.44.46 (2)\" width=\"448\" height=\"336\" \/>\r\n\t\t\t\t\t\t\t\t\t\t<div class=\"slideshow_description_box slideshow_transparent\">\r\n\t\t\t\t\t\t<div class=\"slideshow_title\">WhatsApp Image 2024-05-16 at 11.44.46 (2)<\/div>\t\t\t\t\t\t\t\t\t\t\t<\/div>\r\n\t\t\t\t<\/div>\r\n\r\n\t\t\t\t\t\t<div style=\"clear: both;\"><\/div><\/div><div class=\"slideshow_view\">\r\n\t\t\t\t<div class=\"slideshow_slide slideshow_slide_image\">\r\n\t\t\t\t\t\t\t\t\t\t\t<img src=\"https:\/\/agora.xtec.cat\/ceellevant\/wp-content\/uploads\/usu999\/2024\/05\/WhatsApp-Image-2024-05-16-at-11.44.46-3.jpeg\" alt=\"WhatsApp Image 2024-05-16 at 11.44.46 (3)\" width=\"448\" height=\"336\" \/>\r\n\t\t\t\t\t\t\t\t\t\t<div class=\"slideshow_description_box slideshow_transparent\">\r\n\t\t\t\t\t\t<div class=\"slideshow_title\">WhatsApp Image 2024-05-16 at 11.44.46 (3)<\/div>\t\t\t\t\t\t\t\t\t\t\t<\/div>\r\n\t\t\t\t<\/div>\r\n\r\n\t\t\t\t\t\t<div style=\"clear: both;\"><\/div><\/div><div class=\"slideshow_view\">\r\n\t\t\t\t<div class=\"slideshow_slide slideshow_slide_image\">\r\n\t\t\t\t\t\t\t\t\t\t\t<img src=\"https:\/\/agora.xtec.cat\/ceellevant\/wp-content\/uploads\/usu999\/2024\/05\/WhatsApp-Image-2024-05-16-at-11.46.00.jpeg\" alt=\"WhatsApp Image 2024-05-16 at 11.46.00\" width=\"448\" height=\"336\" \/>\r\n\t\t\t\t\t\t\t\t\t\t<div class=\"slideshow_description_box slideshow_transparent\">\r\n\t\t\t\t\t\t<div class=\"slideshow_title\">WhatsApp Image 2024-05-16 at 11.46.00<\/div>\t\t\t\t\t\t\t\t\t\t\t<\/div>\r\n\t\t\t\t<\/div>\r\n\r\n\t\t\t\t\t\t<div style=\"clear: both;\"><\/div><\/div><div class=\"slideshow_view\">\r\n\t\t\t\t<div class=\"slideshow_slide slideshow_slide_image\">\r\n\t\t\t\t\t\t\t\t\t\t\t<img src=\"https:\/\/agora.xtec.cat\/ceellevant\/wp-content\/uploads\/usu999\/2024\/05\/WhatsApp-Image-2024-05-16-at-11.44.46.jpeg\" alt=\"WhatsApp Image 2024-05-16 at 11.44.46\" width=\"448\" height=\"336\" \/>\r\n\t\t\t\t\t\t\t\t\t\t<div class=\"slideshow_description_box slideshow_transparent\">\r\n\t\t\t\t\t\t<div class=\"slideshow_title\">WhatsApp Image 2024-05-16 at 11.44.46<\/div>\t\t\t\t\t\t\t\t\t\t\t<\/div>\r\n\t\t\t\t<\/div>\r\n\r\n\t\t\t\t\t\t<div style=\"clear: both;\"><\/div><\/div>\r\n\t\t<\/div>\r\n\r\n\t\t<div class=\"slideshow_controlPanel slideshow_transparent\" style=\"display: none;\"><ul><li class=\"slideshow_togglePlay\" data-play-text=\"Visualitza\" data-pause-text=\"Pausa\"><\/li><\/ul><\/div>\r\n\r\n\t\t<div class=\"slideshow_button slideshow_previous slideshow_transparent\" role=\"button\" data-previous-text=\"Anterior\" style=\"display: none;\"><\/div>\r\n\t\t<div class=\"slideshow_button slideshow_next slideshow_transparent\" role=\"button\" data-next-text=\"Seg\u00fcent\" style=\"display: none;\"><\/div>\r\n\r\n\t\t<div class=\"slideshow_pagination\" style=\"display: none;\" data-go-to-text=\"V\u00e9s a la diapositiva\"><div class=\"slideshow_pagination_center\"><\/div><\/div>\r\n\r\n\t\t<!-- WordPress Slideshow Version 2.3.1 -->\r\n\r\n\t\t\t<\/div>\r\n\r\n\n","protected":false},"excerpt":{"rendered":"<p>L\u2019Associaci\u00f3 de fam\u00edlies de l&#8217;escola Llevant (AFA) est\u00e0 realitzant un cicle de xerrades informatives i formatives per donar resposta a les necessitats i inquietuds que tenen com a mares i pares.<br \/>\nEls dies 7 i 8 de maig van organitzar una xerrada informativa sobre &#8220;Tutela&#8221;.\u00a0\u00a0<br \/>\nLa Fundaci\u00f3&hellip;  <a href=\"https:\/\/agora.xtec.cat\/ceellevant\/general\/cicle-de-xerrades-informatives-per-families\/\" title=\"Read CICLE DE XERRADES INFORMATIVES PER FAM\u00cdLIES\">Llegeix m\u00e9s\u00bb<\/a><\/p>\n","protected":false},"author":1,"featured_media":5159,"comment_status":"open","ping_status":"closed","sticky":false,"template":"","format":"standard","meta":{"_bbp_topic_count":0,"_bbp_reply_count":0,"_bbp_total_topic_count":0,"_bbp_total_reply_count":0,"_bbp_voice_count":0,"_bbp_anonymous_reply_count":0,"_bbp_topic_count_hidden":0,"_bbp_reply_count_hidden":0,"_bbp_forum_subforum_count":0,"footnotes":""},"categories":[46,47,41,54,1,4],"tags":[176,42,37,97,117,347,190],"class_list":["post-5165","post","type-post","status-publish","format-standard","has-post-thumbnail","hentry","category-cicle-inicial","category-cicle-mitja","category-cicle-superior","category-infantil","category-general","category-portada","tag-activitats-escola","tag-activitats-pedagogiques","tag-cicle-infantil","tag-cicle-inicial","tag-cicle-mitja","tag-curs-23-24","tag-families"],"post_mailing_queue_ids":[],"_links":{"self":[{"href":"https:\/\/agora.xtec.cat\/ceellevant\/wp-json\/wp\/v2\/posts\/5165","targetHints":{"allow":["GET"]}}],"collection":[{"href":"https:\/\/agora.xtec.cat\/ceellevant\/wp-json\/wp\/v2\/posts"}],"about":[{"href":"https:\/\/agora.xtec.cat\/ceellevant\/wp-json\/wp\/v2\/types\/post"}],"author":[{"embeddable":true,"href":"https:\/\/agora.xtec.cat\/ceellevant\/wp-json\/wp\/v2\/users\/1"}],"replies":[{"embeddable":true,"href":"https:\/\/agora.xtec.cat\/ceellevant\/wp-json\/wp\/v2\/comments?post=5165"}],"version-history":[{"count":2,"href":"https:\/\/agora.xtec.cat\/ceellevant\/wp-json\/wp\/v2\/posts\/5165\/revisions"}],"predecessor-version":[{"id":5167,"href":"https:\/\/agora.xtec.cat\/ceellevant\/wp-json\/wp\/v2\/posts\/5165\/revisions\/5167"}],"wp:featuredmedia":[{"embeddable":true,"href":"https:\/\/agora.xtec.cat\/ceellevant\/wp-json\/wp\/v2\/media\/5159"}],"wp:attachment":[{"href":"https:\/\/agora.xtec.cat\/ceellevant\/wp-json\/wp\/v2\/media?parent=5165"}],"wp:term":[{"taxonomy":"category","embeddable":true,"href":"https:\/\/agora.xtec.cat\/ceellevant\/wp-json\/wp\/v2\/categories?post=5165"},{"taxonomy":"post_tag","embeddable":true,"href":"https:\/\/agora.xtec.cat\/ceellevant\/wp-json\/wp\/v2\/tags?post=5165"}],"curies":[{"name":"wp","href":"https:\/\/api.w.org\/{rel}","templated":true}]}}