{"id":5155,"date":"2024-04-25T13:39:04","date_gmt":"2024-04-25T11:39:04","guid":{"rendered":"https:\/\/agora.xtec.cat\/ceellevant\/?p=5155"},"modified":"2024-04-25T13:39:04","modified_gmt":"2024-04-25T11:39:04","slug":"educacio-fisica-al-carrer-cicle-mitja","status":"publish","type":"post","link":"https:\/\/agora.xtec.cat\/ceellevant\/general\/educacio-fisica-al-carrer-cicle-mitja\/","title":{"rendered":"EDUCACI\u00d3 F\u00cdSICA AL CARRER &#8211; CICLE MITJ\u00c0"},"content":{"rendered":"<p class=\"cvGsUA direction-ltr align-center para-style-body\"><span class=\"OYPEnA text-decoration-none text-strikethrough-none\">El 17 d\u2019abril els alumnes del Cicle Mitj\u00e0 vam participar <\/span><span class=\"OYPEnA text-decoration-none text-strikethrough-none\">en el Dia de l\u2019Educaci\u00f3 F\u00edsica al Carrer!<\/span><\/p>\n<p class=\"cvGsUA direction-ltr align-center para-style-body\"><span class=\"OYPEnA text-decoration-none text-strikethrough-none\">El DEFC \u00e9s una iniciativa que vol mostrar a la societat com \u00e9s l\u2019actual Educaci\u00f3 F\u00edsica a les escoles seguint el lema <\/span><span class=\"OYPEnA text-decoration-none text-strikethrough-none\">\u201cEstil de vida actiu per a tots i per sempre\u201c.<\/span><\/p>\n<p class=\"cvGsUA direction-ltr align-center para-style-body\"><span class=\"OYPEnA text-decoration-none text-strikethrough-none\">Citant els impulsors d\u2019aquesta iniciativa; creiem en una Educaci\u00f3 F\u00edsica integral i integradora, per a tots i per a tota la vida, com a base per instaurar uns h\u00e0bits saludables i un Estil de Vida Actiu.<\/span><\/p>\n<p><iframe loading=\"lazy\" title=\"CEE LLEVANT - EDUCACI\u00d3 F\u00cdSICA AL CARRER - CICLE MITJ\u00c0\" width=\"500\" height=\"375\" src=\"https:\/\/www.youtube.com\/embed\/EpB6yOuqvmE?feature=oembed\" frameborder=\"0\" allow=\"accelerometer; autoplay; clipboard-write; encrypted-media; gyroscope; picture-in-picture; web-share\" referrerpolicy=\"strict-origin-when-cross-origin\" allowfullscreen><\/iframe><\/p>\n<p>&nbsp;<\/p>\n","protected":false},"excerpt":{"rendered":"<p>El 17 d\u2019abril els alumnes del Cicle Mitj\u00e0 vam participar en el Dia de l\u2019Educaci\u00f3 F\u00edsica al Carrer!<br \/>\nEl DEFC \u00e9s una iniciativa que vol mostrar a la societat com \u00e9s l\u2019actual Educaci\u00f3 F\u00edsica a les escoles seguint el lema \u201cEstil de vida actiu per a&hellip;  <a href=\"https:\/\/agora.xtec.cat\/ceellevant\/general\/educacio-fisica-al-carrer-cicle-mitja\/\" title=\"Read EDUCACI\u00d3 F\u00cdSICA AL CARRER &#8211; CICLE MITJ\u00c0\">Llegeix m\u00e9s\u00bb<\/a><\/p>\n","protected":false},"author":1,"featured_media":0,"comment_status":"open","ping_status":"closed","sticky":false,"template":"","format":"standard","meta":{"_bbp_topic_count":0,"_bbp_reply_count":0,"_bbp_total_topic_count":0,"_bbp_total_reply_count":0,"_bbp_voice_count":0,"_bbp_anonymous_reply_count":0,"_bbp_topic_count_hidden":0,"_bbp_reply_count_hidden":0,"_bbp_forum_subforum_count":0,"footnotes":""},"categories":[47,1,4],"tags":[87,35,176,138,117,347,131,264],"class_list":["post-5155","post","type-post","status-publish","format-standard","hentry","category-cicle-mitja","category-general","category-portada","tag-activitats-ciutat","tag-activitats-culturals","tag-activitats-escola","tag-activitats-ludiques","tag-cicle-mitja","tag-curs-23-24","tag-educacio-fisica","tag-esport"],"post_mailing_queue_ids":[],"_links":{"self":[{"href":"https:\/\/agora.xtec.cat\/ceellevant\/wp-json\/wp\/v2\/posts\/5155","targetHints":{"allow":["GET"]}}],"collection":[{"href":"https:\/\/agora.xtec.cat\/ceellevant\/wp-json\/wp\/v2\/posts"}],"about":[{"href":"https:\/\/agora.xtec.cat\/ceellevant\/wp-json\/wp\/v2\/types\/post"}],"author":[{"embeddable":true,"href":"https:\/\/agora.xtec.cat\/ceellevant\/wp-json\/wp\/v2\/users\/1"}],"replies":[{"embeddable":true,"href":"https:\/\/agora.xtec.cat\/ceellevant\/wp-json\/wp\/v2\/comments?post=5155"}],"version-history":[{"count":1,"href":"https:\/\/agora.xtec.cat\/ceellevant\/wp-json\/wp\/v2\/posts\/5155\/revisions"}],"predecessor-version":[{"id":5156,"href":"https:\/\/agora.xtec.cat\/ceellevant\/wp-json\/wp\/v2\/posts\/5155\/revisions\/5156"}],"wp:attachment":[{"href":"https:\/\/agora.xtec.cat\/ceellevant\/wp-json\/wp\/v2\/media?parent=5155"}],"wp:term":[{"taxonomy":"category","embeddable":true,"href":"https:\/\/agora.xtec.cat\/ceellevant\/wp-json\/wp\/v2\/categories?post=5155"},{"taxonomy":"post_tag","embeddable":true,"href":"https:\/\/agora.xtec.cat\/ceellevant\/wp-json\/wp\/v2\/tags?post=5155"}],"curies":[{"name":"wp","href":"https:\/\/api.w.org\/{rel}","templated":true}]}}