{"id":5121,"date":"2024-04-04T13:55:06","date_gmt":"2024-04-04T11:55:06","guid":{"rendered":"https:\/\/agora.xtec.cat\/ceellevant\/?p=5121"},"modified":"2024-04-04T13:55:06","modified_gmt":"2024-04-04T11:55:06","slug":"els-cinc-sentits-grup-12","status":"publish","type":"post","link":"https:\/\/agora.xtec.cat\/ceellevant\/general\/els-cinc-sentits-grup-12\/","title":{"rendered":"ELS CINC SENTITS &#8211; GRUP 12"},"content":{"rendered":"<p><span style=\"font-weight: 400;\">Durant el segon trimestre, el grup 12 ha treballat els 5 sentits amb l&#8217;exploraci\u00f3 i la manipulaci\u00f3 de diferents elements per con\u00e8ixer el m\u00f3n que ens envolta a trav\u00e9s dels sentits.<\/span><\/p>\n<ul>\n<li style=\"font-weight: 400;\" aria-level=\"1\"><span style=\"font-weight: 400;\">El tacte, hem tocat diverses textures i amb els ulls tapats ens hem deixat emportar per les sensacions de la suavitat d&#8217;unes plomes, la rugositat de la gespa, o els grans de sorra&#8230;<\/span><\/li>\n<li style=\"font-weight: 400;\" aria-level=\"1\"><span style=\"font-weight: 400;\">L&#8217;o\u00efda, escoltant i reconeixent els diferents sons que ens envolten, hem pogut recon\u00e8ixer aquells que ens s\u00f3n m\u00e9s familiars.<\/span><\/li>\n<li style=\"font-weight: 400;\" aria-level=\"1\"><span style=\"font-weight: 400;\">El gust, a trav\u00e9s de tastar diferents aliments hem pogut assaborir el gust dol\u00e7, salat i \u00e0cid, i menjar aquell que m\u00e9s ens agradava.<\/span><\/li>\n<li style=\"font-weight: 400;\" aria-level=\"1\"><span style=\"font-weight: 400;\">La vista, hem seguit les llums de colors que dibuixaven formes al nostre voltant.<\/span><\/li>\n<li style=\"font-weight: 400;\" aria-level=\"1\"><span style=\"font-weight: 400;\">L&#8217;olfacte, ens hem deixat conquistar pels diferents aromes florals i de les fruites t\u00edpiques de la primavera.<\/span><\/li>\n<\/ul>\n<p>&nbsp;<\/p>\n<p><iframe loading=\"lazy\" title=\"CEE LLEVANT - ELS 5 SENTITS - GRUP 12\" width=\"500\" height=\"281\" src=\"https:\/\/www.youtube.com\/embed\/L6Mzd__58VM?feature=oembed\" frameborder=\"0\" allow=\"accelerometer; autoplay; clipboard-write; encrypted-media; gyroscope; picture-in-picture; web-share\" referrerpolicy=\"strict-origin-when-cross-origin\" allowfullscreen><\/iframe><\/p>\n","protected":false},"excerpt":{"rendered":"<p>Durant el segon trimestre, el grup 12 ha treballat els 5 sentits amb l&#8217;exploraci\u00f3 i la manipulaci\u00f3 de diferents elements per con\u00e8ixer el m\u00f3n que ens envolta a trav\u00e9s dels sentits.<\/p>\n<ul>\n<li style=\"font-weight: 400;\" aria-level=\"1\">El tacte, hem tocat diverses textures i amb els ulls tapats ens&hellip;  <a href=\"https:\/\/agora.xtec.cat\/ceellevant\/general\/els-cinc-sentits-grup-12\/\" title=\"Read ELS CINC SENTITS &#8211; GRUP 12\">Llegeix m\u00e9s\u00bb<\/a><br \/>\n","protected":false},"author":1,"featured_media":5122,"comment_status":"open","ping_status":"closed","sticky":false,"template":"","format":"standard","meta":{"_bbp_topic_count":0,"_bbp_reply_count":0,"_bbp_total_topic_count":0,"_bbp_total_reply_count":0,"_bbp_voice_count":0,"_bbp_anonymous_reply_count":0,"_bbp_topic_count_hidden":0,"_bbp_reply_count_hidden":0,"_bbp_forum_subforum_count":0,"footnotes":""},"categories":[47,1,4],"tags":[176,138,42,117,347,127,368],"class_list":["post-5121","post","type-post","status-publish","format-standard","has-post-thumbnail","hentry","category-cicle-mitja","category-general","category-portada","tag-activitats-escola","tag-activitats-ludiques","tag-activitats-pedagogiques","tag-cicle-mitja","tag-curs-23-24","tag-experimentacio","tag-sentits"],"post_mailing_queue_ids":[],"_links":{"self":[{"href":"https:\/\/agora.xtec.cat\/ceellevant\/wp-json\/wp\/v2\/posts\/5121","targetHints":{"allow":["GET"]}}],"collection":[{"href":"https:\/\/agora.xtec.cat\/ceellevant\/wp-json\/wp\/v2\/posts"}],"about":[{"href":"https:\/\/agora.xtec.cat\/ceellevant\/wp-json\/wp\/v2\/types\/post"}],"author":[{"embeddable":true,"href":"https:\/\/agora.xtec.cat\/ceellevant\/wp-json\/wp\/v2\/users\/1"}],"replies":[{"embeddable":true,"href":"https:\/\/agora.xtec.cat\/ceellevant\/wp-json\/wp\/v2\/comments?post=5121"}],"version-history":[{"count":1,"href":"https:\/\/agora.xtec.cat\/ceellevant\/wp-json\/wp\/v2\/posts\/5121\/revisions"}],"predecessor-version":[{"id":5123,"href":"https:\/\/agora.xtec.cat\/ceellevant\/wp-json\/wp\/v2\/posts\/5121\/revisions\/5123"}],"wp:featuredmedia":[{"embeddable":true,"href":"https:\/\/agora.xtec.cat\/ceellevant\/wp-json\/wp\/v2\/media\/5122"}],"wp:attachment":[{"href":"https:\/\/agora.xtec.cat\/ceellevant\/wp-json\/wp\/v2\/media?parent=5121"}],"wp:term":[{"taxonomy":"category","embeddable":true,"href":"https:\/\/agora.xtec.cat\/ceellevant\/wp-json\/wp\/v2\/categories?post=5121"},{"taxonomy":"post_tag","embeddable":true,"href":"https:\/\/agora.xtec.cat\/ceellevant\/wp-json\/wp\/v2\/tags?post=5121"}],"curies":[{"name":"wp","href":"https:\/\/api.w.org\/{rel}","templated":true}]}}