{"id":5083,"date":"2024-03-07T13:11:45","date_gmt":"2024-03-07T12:11:45","guid":{"rendered":"https:\/\/agora.xtec.cat\/ceellevant\/?p=5083"},"modified":"2024-03-07T13:11:45","modified_gmt":"2024-03-07T12:11:45","slug":"col%c2%b7laboracio-ies-bastida-cicle-mitja-1","status":"publish","type":"post","link":"https:\/\/agora.xtec.cat\/ceellevant\/general\/col%c2%b7laboracio-ies-bastida-cicle-mitja-1\/","title":{"rendered":"COL\u00b7LABORACI\u00d3 IES BASTIDA &#8211; CICLE MITJ\u00c0 1"},"content":{"rendered":"<p class=\"cvGsUA direction-ltr align-center para-style-body\"><span class=\"OYPEnA text-decoration-none text-strikethrough-none\">El Cicle Mitj\u00e0 1 dilluns al mat\u00ed fem una activitat esportiva que dinamitzen estudiants del cicle formatiu d&#8217;esport de l&#8217;institut La Bastida.<\/span><\/p>\n<p class=\"cvGsUA direction-ltr align-center para-style-body\"><span class=\"OYPEnA text-decoration-none text-strikethrough-none\">Les activitats que fem s\u00f3n: escalfament, circuits, balls i relaxaci\u00f3. \u00c9s una activitat molt din\u00e0mica i divertida. Ens agrada molt compartir noves experi\u00e8ncies amb joves que estan formant-se!<\/span><\/p>\n<p><iframe loading=\"lazy\" title=\"CEE LLEVANT - COL\u00b7LABORACI\u00d3 IES BASTIDA - CICLE MITJ\u00c0 1\" width=\"500\" height=\"375\" src=\"https:\/\/www.youtube.com\/embed\/jqPeIpYcx7M?feature=oembed\" frameborder=\"0\" allow=\"accelerometer; autoplay; clipboard-write; encrypted-media; gyroscope; picture-in-picture; web-share\" referrerpolicy=\"strict-origin-when-cross-origin\" allowfullscreen><\/iframe><\/p>\n","protected":false},"excerpt":{"rendered":"<p>El Cicle Mitj\u00e0 1 dilluns al mat\u00ed fem una activitat esportiva que dinamitzen estudiants del cicle formatiu d&#8217;esport de l&#8217;institut La Bastida.<br \/>\nLes activitats que fem s\u00f3n: escalfament, circuits, balls i relaxaci\u00f3. \u00c9s una activitat molt din\u00e0mica i divertida. Ens agrada molt compartir noves experi\u00e8ncies amb&hellip;  <a href=\"https:\/\/agora.xtec.cat\/ceellevant\/general\/col%c2%b7laboracio-ies-bastida-cicle-mitja-1\/\" title=\"Read COL\u00b7LABORACI\u00d3 IES BASTIDA &#8211; CICLE MITJ\u00c0 1\">Llegeix m\u00e9s\u00bb<\/a><\/p>\n","protected":false},"author":1,"featured_media":0,"comment_status":"open","ping_status":"closed","sticky":false,"template":"","format":"standard","meta":{"_bbp_topic_count":0,"_bbp_reply_count":0,"_bbp_total_topic_count":0,"_bbp_total_reply_count":0,"_bbp_voice_count":0,"_bbp_anonymous_reply_count":0,"_bbp_topic_count_hidden":0,"_bbp_reply_count_hidden":0,"_bbp_forum_subforum_count":0,"footnotes":""},"categories":[47,1,4],"tags":[87,176,138,364,117,366,347,264,367,109,365],"class_list":["post-5083","post","type-post","status-publish","format-standard","hentry","category-cicle-mitja","category-general","category-portada","tag-activitats-ciutat","tag-activitats-escola","tag-activitats-ludiques","tag-ball","tag-cicle-mitja","tag-compartir","tag-curs-23-24","tag-esport","tag-iesbastida","tag-musica","tag-relaxacio"],"post_mailing_queue_ids":[],"_links":{"self":[{"href":"https:\/\/agora.xtec.cat\/ceellevant\/wp-json\/wp\/v2\/posts\/5083","targetHints":{"allow":["GET"]}}],"collection":[{"href":"https:\/\/agora.xtec.cat\/ceellevant\/wp-json\/wp\/v2\/posts"}],"about":[{"href":"https:\/\/agora.xtec.cat\/ceellevant\/wp-json\/wp\/v2\/types\/post"}],"author":[{"embeddable":true,"href":"https:\/\/agora.xtec.cat\/ceellevant\/wp-json\/wp\/v2\/users\/1"}],"replies":[{"embeddable":true,"href":"https:\/\/agora.xtec.cat\/ceellevant\/wp-json\/wp\/v2\/comments?post=5083"}],"version-history":[{"count":1,"href":"https:\/\/agora.xtec.cat\/ceellevant\/wp-json\/wp\/v2\/posts\/5083\/revisions"}],"predecessor-version":[{"id":5084,"href":"https:\/\/agora.xtec.cat\/ceellevant\/wp-json\/wp\/v2\/posts\/5083\/revisions\/5084"}],"wp:attachment":[{"href":"https:\/\/agora.xtec.cat\/ceellevant\/wp-json\/wp\/v2\/media?parent=5083"}],"wp:term":[{"taxonomy":"category","embeddable":true,"href":"https:\/\/agora.xtec.cat\/ceellevant\/wp-json\/wp\/v2\/categories?post=5083"},{"taxonomy":"post_tag","embeddable":true,"href":"https:\/\/agora.xtec.cat\/ceellevant\/wp-json\/wp\/v2\/tags?post=5083"}],"curies":[{"name":"wp","href":"https:\/\/api.w.org\/{rel}","templated":true}]}}