{"id":5021,"date":"2024-01-25T13:35:11","date_gmt":"2024-01-25T12:35:11","guid":{"rendered":"https:\/\/agora.xtec.cat\/ceellevant\/?p=5021"},"modified":"2024-01-25T13:35:11","modified_gmt":"2024-01-25T12:35:11","slug":"educacio-del-moviment-al-cicle-inicial","status":"publish","type":"post","link":"https:\/\/agora.xtec.cat\/ceellevant\/portada\/educacio-del-moviment-al-cicle-inicial\/","title":{"rendered":"EDUCACI\u00d3 DEL MOVIMENT AL CICLE INICIAL"},"content":{"rendered":"<p class=\"cvGsUA direction-ltr align-center para-style-body\"><span class=\"OYPEnA text-decoration-none text-strikethrough-none\">El Cicle Inicial els dimecres a la tarda fem l&#8217;activitat d&#8217;educaci\u00f3 del moviment.<\/span><\/p>\n<p class=\"cvGsUA direction-ltr align-center para-style-body\"><span class=\"OYPEnA text-decoration-none text-strikethrough-none\">Iniciem l&#8217;activitat amb una mica de relaxaci\u00f3 que ens ajuda a situar-nos i en la que aprenem a relaxar-nos.<\/span><\/p>\n<p class=\"cvGsUA direction-ltr align-center para-style-body\"><span class=\"OYPEnA text-decoration-none text-strikethrough-none\">Fem tres activitats de m\u00fasica i moviment. La primera amb la qual aprenem a aturar-nos quan para la m\u00fasica. La segona, amb els c\u00e8rcols, amb la que treballem el concepte de dins i fora i tamb\u00e9 aprenem a jugar amb el Joc dels bancs, una adaptaci\u00f3 del joc de les cadires amb el que gaudim i ens ho passem molt b\u00e9!<\/span><\/p>\n<p class=\"cvGsUA direction-ltr align-center para-style-body\"><span class=\"OYPEnA text-decoration-none text-strikethrough-none\">Per finalitzar l&#8217;activitat tornem a la calma<\/span> <span class=\"OYPEnA text-decoration-none text-strikethrough-none\">amb una altra petita estona de relaxaci\u00f3.<\/span><\/p>\n<p class=\"cvGsUA direction-ltr align-center para-style-body\"><span class=\"OYPEnA text-decoration-none text-strikethrough-none\">A trav\u00e9s de l&#8217;activitat d&#8217;educaci\u00f3 del moviment treballem l&#8217;atenci\u00f3 i concentraci\u00f3, l&#8217;autoregulaci\u00f3, l&#8217;autonomia, compartir amb els companys i jugar.<\/span><\/p>\n<p><iframe loading=\"lazy\" title=\"CEE LLEVANT - EDUCACI\u00d3 DEL MOVIMENT- CICLE INICIAL\" width=\"500\" height=\"375\" src=\"https:\/\/www.youtube.com\/embed\/8vlriD_MLC4?feature=oembed\" frameborder=\"0\" allow=\"accelerometer; autoplay; clipboard-write; encrypted-media; gyroscope; picture-in-picture; web-share\" referrerpolicy=\"strict-origin-when-cross-origin\" allowfullscreen><\/iframe><\/p>\n","protected":false},"excerpt":{"rendered":"<p>El Cicle Inicial els dimecres a la tarda fem l&#8217;activitat d&#8217;educaci\u00f3 del moviment.<br \/>\nIniciem l&#8217;activitat amb una mica de relaxaci\u00f3 que ens ajuda a situar-nos i en la que aprenem a relaxar-nos.<br \/>\nFem tres activitats de m\u00fasica i moviment. La primera amb la qual aprenem a aturar-nos&hellip;  <a href=\"https:\/\/agora.xtec.cat\/ceellevant\/portada\/educacio-del-moviment-al-cicle-inicial\/\" title=\"Read EDUCACI\u00d3 DEL MOVIMENT AL CICLE INICIAL\">Llegeix m\u00e9s\u00bb<\/a><\/p>\n","protected":false},"author":1,"featured_media":0,"comment_status":"open","ping_status":"closed","sticky":false,"template":"","format":"standard","meta":{"_bbp_topic_count":0,"_bbp_reply_count":0,"_bbp_total_topic_count":0,"_bbp_total_reply_count":0,"_bbp_voice_count":0,"_bbp_anonymous_reply_count":0,"_bbp_topic_count_hidden":0,"_bbp_reply_count_hidden":0,"_bbp_forum_subforum_count":0,"footnotes":""},"categories":[46,4],"tags":[176,138,97,347,358,359,109,360,357],"class_list":["post-5021","post","type-post","status-publish","format-standard","hentry","category-cicle-inicial","category-portada","tag-activitats-escola","tag-activitats-ludiques","tag-cicle-inicial","tag-curs-23-24","tag-jocs","tag-moviment","tag-musica","tag-relacio","tag-respiracio"],"post_mailing_queue_ids":[],"_links":{"self":[{"href":"https:\/\/agora.xtec.cat\/ceellevant\/wp-json\/wp\/v2\/posts\/5021","targetHints":{"allow":["GET"]}}],"collection":[{"href":"https:\/\/agora.xtec.cat\/ceellevant\/wp-json\/wp\/v2\/posts"}],"about":[{"href":"https:\/\/agora.xtec.cat\/ceellevant\/wp-json\/wp\/v2\/types\/post"}],"author":[{"embeddable":true,"href":"https:\/\/agora.xtec.cat\/ceellevant\/wp-json\/wp\/v2\/users\/1"}],"replies":[{"embeddable":true,"href":"https:\/\/agora.xtec.cat\/ceellevant\/wp-json\/wp\/v2\/comments?post=5021"}],"version-history":[{"count":1,"href":"https:\/\/agora.xtec.cat\/ceellevant\/wp-json\/wp\/v2\/posts\/5021\/revisions"}],"predecessor-version":[{"id":5022,"href":"https:\/\/agora.xtec.cat\/ceellevant\/wp-json\/wp\/v2\/posts\/5021\/revisions\/5022"}],"wp:attachment":[{"href":"https:\/\/agora.xtec.cat\/ceellevant\/wp-json\/wp\/v2\/media?parent=5021"}],"wp:term":[{"taxonomy":"category","embeddable":true,"href":"https:\/\/agora.xtec.cat\/ceellevant\/wp-json\/wp\/v2\/categories?post=5021"},{"taxonomy":"post_tag","embeddable":true,"href":"https:\/\/agora.xtec.cat\/ceellevant\/wp-json\/wp\/v2\/tags?post=5021"}],"curies":[{"name":"wp","href":"https:\/\/api.w.org\/{rel}","templated":true}]}}