{"id":4999,"date":"2023-12-22T18:04:15","date_gmt":"2023-12-22T17:04:15","guid":{"rendered":"https:\/\/agora.xtec.cat\/ceellevant\/?p=4999"},"modified":"2023-12-22T13:11:39","modified_gmt":"2023-12-22T12:11:39","slug":"festa-de-nadal-2023","status":"publish","type":"post","link":"https:\/\/agora.xtec.cat\/ceellevant\/general\/festa-de-nadal-2023\/","title":{"rendered":"FESTA DE NADAL 2023"},"content":{"rendered":"<p>El passat 15 de desembre l\u2019escola vam celebrar la Festa de Nadal 2023. Va ser una data molt especial on alumnes, fam\u00edlies i professionals vam per poder compartir una jornada molt<br \/>\nemotiva.<br \/>\nLa celebraci\u00f3 va comen\u00e7ar amb l\u2019esmorzar de fam\u00edlies, un espai dedicat a poder compartir converses, opinions i con\u00e8ixer-se una mica millor. Evidentment, no hi van faltar la varietat de pastes, begudes i caf\u00e8 que, per gentilesa de l\u2019AFA, van ajudar a agafar energies per tot el dia.<\/p>\n<p>El pati de l\u2019escola es va convertir en una fira de Nadal molt ben decorada, amb paradetes on s\u2019hi realitzaven diverses activitats. Hi havia de l\u2019arbre dels desitjos, la d\u2019art, la de les galetes i les del photocall.<\/p>\n<p>Tamb\u00e9 va haver-hi temps per l\u2019entrega de premis del concurs de fotos amb motius festius, uns premis on es va destacar la categoria de la foto m\u00e9s emotiva i de la m\u00e9s divertida<\/p>\n<p>Els assistents van poder delectar-se amb l\u2019actuaci\u00f3 musical de l\u2019Ari\u00e0, que els va fer gaudir de valent amb el seu talent, fent gal\u00b7la d\u2019un repertori de can\u00e7ons per totes les edats i que va tancar<br \/>\nla jornada cantant com a prim\u00edcia l\u2019himne de l\u2019escola Llevant, composat per ell mateix.<\/p>\n<p>Tamb\u00e9 va ser tot un goig l\u2019espectacle d\u2019en Mario, que va fer que grans i petits riguessin i s\u2019emocionessin amb la seva actuaci\u00f3, fins i tot fent col\u00b7laborar al p\u00fablic. Els infants al\u00b7lucinaven<br \/>\namb els trucs i la conducci\u00f3 en el monocicle gegant.<\/p>\n<p>La jornada va estar tot un \u00e8xit gr\u00e0cies a l\u2019organitzaci\u00f3 i a la col\u00b7laboraci\u00f3 de tots els implicats, que van fer possible que tothom gaud\u00eds d\u2019una gran festa nadalenca i d\u2019un mat\u00ed ple de<br \/>\nsomriures.<\/p>\n<p>Us deixem un v\u00eddeo que servir\u00e0 com a record de la celebraci\u00f3:<\/p>\n<p><iframe loading=\"lazy\" title=\"CEE LLEVANT. FESTA DE NADAL 2023\" width=\"500\" height=\"281\" src=\"https:\/\/www.youtube.com\/embed\/TStr7BioXI0?feature=oembed\" frameborder=\"0\" allow=\"accelerometer; autoplay; clipboard-write; encrypted-media; gyroscope; picture-in-picture; web-share\" referrerpolicy=\"strict-origin-when-cross-origin\" allowfullscreen><\/iframe><\/p>\n","protected":false},"excerpt":{"rendered":"<p>El passat 15 de desembre l\u2019escola vam celebrar la Festa de Nadal 2023. Va ser una data molt especial on alumnes, fam\u00edlies i professionals vam per poder compartir una jornada molt<br \/>\nemotiva.<br \/>\nLa celebraci\u00f3 va comen\u00e7ar amb l\u2019esmorzar de fam\u00edlies, un espai dedicat a poder compartir converses,&hellip;  <a href=\"https:\/\/agora.xtec.cat\/ceellevant\/general\/festa-de-nadal-2023\/\" title=\"Read FESTA DE NADAL 2023\">Llegeix m\u00e9s\u00bb<\/a><\/p>\n","protected":false},"author":1,"featured_media":0,"comment_status":"open","ping_status":"closed","sticky":false,"template":"","format":"standard","meta":{"_bbp_topic_count":0,"_bbp_reply_count":0,"_bbp_total_topic_count":0,"_bbp_total_reply_count":0,"_bbp_voice_count":0,"_bbp_anonymous_reply_count":0,"_bbp_topic_count_hidden":0,"_bbp_reply_count_hidden":0,"_bbp_forum_subforum_count":0,"footnotes":""},"categories":[1,4],"tags":[347,124,150],"class_list":["post-4999","post","type-post","status-publish","format-standard","hentry","category-general","category-portada","tag-curs-23-24","tag-festesdescola","tag-nadal"],"post_mailing_queue_ids":[],"_links":{"self":[{"href":"https:\/\/agora.xtec.cat\/ceellevant\/wp-json\/wp\/v2\/posts\/4999","targetHints":{"allow":["GET"]}}],"collection":[{"href":"https:\/\/agora.xtec.cat\/ceellevant\/wp-json\/wp\/v2\/posts"}],"about":[{"href":"https:\/\/agora.xtec.cat\/ceellevant\/wp-json\/wp\/v2\/types\/post"}],"author":[{"embeddable":true,"href":"https:\/\/agora.xtec.cat\/ceellevant\/wp-json\/wp\/v2\/users\/1"}],"replies":[{"embeddable":true,"href":"https:\/\/agora.xtec.cat\/ceellevant\/wp-json\/wp\/v2\/comments?post=4999"}],"version-history":[{"count":1,"href":"https:\/\/agora.xtec.cat\/ceellevant\/wp-json\/wp\/v2\/posts\/4999\/revisions"}],"predecessor-version":[{"id":5000,"href":"https:\/\/agora.xtec.cat\/ceellevant\/wp-json\/wp\/v2\/posts\/4999\/revisions\/5000"}],"wp:attachment":[{"href":"https:\/\/agora.xtec.cat\/ceellevant\/wp-json\/wp\/v2\/media?parent=4999"}],"wp:term":[{"taxonomy":"category","embeddable":true,"href":"https:\/\/agora.xtec.cat\/ceellevant\/wp-json\/wp\/v2\/categories?post=4999"},{"taxonomy":"post_tag","embeddable":true,"href":"https:\/\/agora.xtec.cat\/ceellevant\/wp-json\/wp\/v2\/tags?post=4999"}],"curies":[{"name":"wp","href":"https:\/\/api.w.org\/{rel}","templated":true}]}}