{"id":4861,"date":"2023-06-27T16:02:49","date_gmt":"2023-06-27T14:02:49","guid":{"rendered":"https:\/\/agora.xtec.cat\/ceellevant\/?p=4861"},"modified":"2023-06-27T16:02:49","modified_gmt":"2023-06-27T14:02:49","slug":"festa-de-final-de-curs","status":"publish","type":"post","link":"https:\/\/agora.xtec.cat\/ceellevant\/general\/festa-de-final-de-curs\/","title":{"rendered":"FESTA DE FINAL DE CURS"},"content":{"rendered":"<p>Aquest curs no hem pogut fer festa de l&#8217;escuma per\u00f2 a canvi, mares de l&#8217;AFA i la comissi\u00f3 de festes de l&#8217;escola ens han preparat unes activitats xul\u00edssimes\u00a0 on els nens i les nenes han pogut gaudir d&#8217;un mat\u00ed s\u00faper divertit! Moltes gr\u00e0cies a totes les que heu col\u00b7laborat a fer-ho possible!<\/p>\n<p>Us deixem un recull de fotos!<\/p>\n<p>Esperem que us agradin!<\/p>\n<p><a href=\"https:\/\/photos.app.goo.gl\/a1wBx3Hx4YRiJBwH9\" target=\"_blank\" rel=\"noopener\">FOTOS FESTA DE FINAL DE CURS 22-23<\/a><\/p>\n<p>&nbsp;<\/p>\n","protected":false},"excerpt":{"rendered":"<p>Aquest curs no hem pogut fer festa de l&#8217;escuma per\u00f2 a canvi, mares de l&#8217;AFA i la comissi\u00f3 de festes de l&#8217;escola ens han preparat unes activitats xul\u00edssimes\u00a0 on els nens i les nenes han pogut gaudir d&#8217;un mat\u00ed s\u00faper divertit! Moltes gr\u00e0cies a totes&hellip;  <a href=\"https:\/\/agora.xtec.cat\/ceellevant\/general\/festa-de-final-de-curs\/\" title=\"Read FESTA DE FINAL DE CURS\">Llegeix m\u00e9s\u00bb<\/a><\/p>\n","protected":false},"author":1,"featured_media":0,"comment_status":"open","ping_status":"closed","sticky":false,"template":"","format":"standard","meta":{"_bbp_topic_count":0,"_bbp_reply_count":0,"_bbp_total_topic_count":0,"_bbp_total_reply_count":0,"_bbp_voice_count":0,"_bbp_anonymous_reply_count":0,"_bbp_topic_count_hidden":0,"_bbp_reply_count_hidden":0,"_bbp_forum_subforum_count":0,"footnotes":""},"categories":[1,4],"tags":[327,124,272],"class_list":["post-4861","post","type-post","status-publish","format-standard","hentry","category-general","category-portada","tag-curs-22-23","tag-festesdescola","tag-final-de-curs"],"post_mailing_queue_ids":[],"_links":{"self":[{"href":"https:\/\/agora.xtec.cat\/ceellevant\/wp-json\/wp\/v2\/posts\/4861","targetHints":{"allow":["GET"]}}],"collection":[{"href":"https:\/\/agora.xtec.cat\/ceellevant\/wp-json\/wp\/v2\/posts"}],"about":[{"href":"https:\/\/agora.xtec.cat\/ceellevant\/wp-json\/wp\/v2\/types\/post"}],"author":[{"embeddable":true,"href":"https:\/\/agora.xtec.cat\/ceellevant\/wp-json\/wp\/v2\/users\/1"}],"replies":[{"embeddable":true,"href":"https:\/\/agora.xtec.cat\/ceellevant\/wp-json\/wp\/v2\/comments?post=4861"}],"version-history":[{"count":2,"href":"https:\/\/agora.xtec.cat\/ceellevant\/wp-json\/wp\/v2\/posts\/4861\/revisions"}],"predecessor-version":[{"id":4863,"href":"https:\/\/agora.xtec.cat\/ceellevant\/wp-json\/wp\/v2\/posts\/4861\/revisions\/4863"}],"wp:attachment":[{"href":"https:\/\/agora.xtec.cat\/ceellevant\/wp-json\/wp\/v2\/media?parent=4861"}],"wp:term":[{"taxonomy":"category","embeddable":true,"href":"https:\/\/agora.xtec.cat\/ceellevant\/wp-json\/wp\/v2\/categories?post=4861"},{"taxonomy":"post_tag","embeddable":true,"href":"https:\/\/agora.xtec.cat\/ceellevant\/wp-json\/wp\/v2\/tags?post=4861"}],"curies":[{"name":"wp","href":"https:\/\/api.w.org\/{rel}","templated":true}]}}