{"id":4813,"date":"2023-04-27T10:25:34","date_gmt":"2023-04-27T08:25:34","guid":{"rendered":"https:\/\/agora.xtec.cat\/ceellevant\/?p=4813"},"modified":"2023-04-27T10:25:34","modified_gmt":"2023-04-27T08:25:34","slug":"setmana-de-la-primavera-al-cicle-inicial","status":"publish","type":"post","link":"https:\/\/agora.xtec.cat\/ceellevant\/general\/setmana-de-la-primavera-al-cicle-inicial\/","title":{"rendered":"SETMANA DE LA PRIMAVERA AL CICLE INICIAL"},"content":{"rendered":"<p><span style=\"font-weight: 400;\">Els alumnes del cicle inicial vam donar la benvinguda a la primavera amb una setmana tem\u00e0tica!<\/span><\/p>\n<p><span style=\"font-weight: 400;\">Les fam\u00edlies van col\u00b7laborar a crear el rac\u00f3 de la primavera per treballar els elements! Tamb\u00e9 els vam introduir en un conte molt din\u00e0mic i divertit!! Vam fer una sortida a l&#8217;hort, manualitats i la mona!!<\/span><\/p>\n<p><span style=\"font-weight: 400;\">Us ensenyem un resum en v\u00eddeo!! \ud83d\ude42<\/span><\/p>\n<p><iframe loading=\"lazy\" title=\"CEE LLEVANT - SETMANA PRIMAVERA - CICLE INICIAL\" width=\"500\" height=\"281\" src=\"https:\/\/www.youtube.com\/embed\/3GYtn_DyDQQ?feature=oembed\" frameborder=\"0\" allow=\"accelerometer; autoplay; clipboard-write; encrypted-media; gyroscope; picture-in-picture; web-share\" referrerpolicy=\"strict-origin-when-cross-origin\" allowfullscreen><\/iframe><\/p>\n","protected":false},"excerpt":{"rendered":"<p>Els alumnes del cicle inicial vam donar la benvinguda a la primavera amb una setmana tem\u00e0tica!<br \/>\nLes fam\u00edlies van col\u00b7laborar a crear el rac\u00f3 de la primavera per treballar els elements! Tamb\u00e9 els vam introduir en un conte molt din\u00e0mic i divertit!! Vam fer una sortida&hellip;  <a href=\"https:\/\/agora.xtec.cat\/ceellevant\/general\/setmana-de-la-primavera-al-cicle-inicial\/\" title=\"Read SETMANA DE LA PRIMAVERA AL CICLE INICIAL\">Llegeix m\u00e9s\u00bb<\/a><\/p>\n","protected":false},"author":1,"featured_media":4814,"comment_status":"open","ping_status":"closed","sticky":false,"template":"","format":"standard","meta":{"_bbp_topic_count":0,"_bbp_reply_count":0,"_bbp_total_topic_count":0,"_bbp_total_reply_count":0,"_bbp_voice_count":0,"_bbp_anonymous_reply_count":0,"_bbp_topic_count_hidden":0,"_bbp_reply_count_hidden":0,"_bbp_forum_subforum_count":0,"footnotes":""},"categories":[46,1,4],"tags":[35,138,42,97,327,79,127,261,263,342,16],"class_list":["post-4813","post","type-post","status-publish","format-standard","has-post-thumbnail","hentry","category-cicle-inicial","category-general","category-portada","tag-activitats-culturals","tag-activitats-ludiques","tag-activitats-pedagogiques","tag-cicle-inicial","tag-curs-22-23","tag-excursions","tag-experimentacio","tag-lamona","tag-pasqua","tag-primavera","tag-sortides"],"post_mailing_queue_ids":[],"_links":{"self":[{"href":"https:\/\/agora.xtec.cat\/ceellevant\/wp-json\/wp\/v2\/posts\/4813","targetHints":{"allow":["GET"]}}],"collection":[{"href":"https:\/\/agora.xtec.cat\/ceellevant\/wp-json\/wp\/v2\/posts"}],"about":[{"href":"https:\/\/agora.xtec.cat\/ceellevant\/wp-json\/wp\/v2\/types\/post"}],"author":[{"embeddable":true,"href":"https:\/\/agora.xtec.cat\/ceellevant\/wp-json\/wp\/v2\/users\/1"}],"replies":[{"embeddable":true,"href":"https:\/\/agora.xtec.cat\/ceellevant\/wp-json\/wp\/v2\/comments?post=4813"}],"version-history":[{"count":1,"href":"https:\/\/agora.xtec.cat\/ceellevant\/wp-json\/wp\/v2\/posts\/4813\/revisions"}],"predecessor-version":[{"id":4815,"href":"https:\/\/agora.xtec.cat\/ceellevant\/wp-json\/wp\/v2\/posts\/4813\/revisions\/4815"}],"wp:featuredmedia":[{"embeddable":true,"href":"https:\/\/agora.xtec.cat\/ceellevant\/wp-json\/wp\/v2\/media\/4814"}],"wp:attachment":[{"href":"https:\/\/agora.xtec.cat\/ceellevant\/wp-json\/wp\/v2\/media?parent=4813"}],"wp:term":[{"taxonomy":"category","embeddable":true,"href":"https:\/\/agora.xtec.cat\/ceellevant\/wp-json\/wp\/v2\/categories?post=4813"},{"taxonomy":"post_tag","embeddable":true,"href":"https:\/\/agora.xtec.cat\/ceellevant\/wp-json\/wp\/v2\/tags?post=4813"}],"curies":[{"name":"wp","href":"https:\/\/api.w.org\/{rel}","templated":true}]}}