{"id":4801,"date":"2023-03-21T13:02:12","date_gmt":"2023-03-21T12:02:12","guid":{"rendered":"https:\/\/agora.xtec.cat\/ceellevant\/?p=4801"},"modified":"2023-03-21T13:03:00","modified_gmt":"2023-03-21T12:03:00","slug":"projecte-joan-miro-al-cicle-inicial","status":"publish","type":"post","link":"https:\/\/agora.xtec.cat\/ceellevant\/general\/projecte-joan-miro-al-cicle-inicial\/","title":{"rendered":"PROJECTE JOAN MIR\u00d3 AL CICLE INICIAL"},"content":{"rendered":"<p>Els i les alumnes del cicle Inicial hem estat immersos durant el primer trimestre i part del segon en el Projecte Joan Mir\u00f3. A partir de la seva obra no sols hem treballat objectius relacionats amb el llenguatge pl\u00e0stic, sin\u00f3 que tamb\u00e9 hem experimentat amb els colors i alguns dels elements m\u00e9s caracter\u00edstics que utilitza com les estrelles, els ulls, la lluna&#8230; tot de forma transversal.<\/p>\n<p>En acabar el projecte vam preparar una exposici\u00f3 al gimn\u00e0s de l&#8217;escola amb els nostres treballs i una activitat d&#8217;art i vam convidar a les fam\u00edlies a passar el mat\u00ed junts. Totes elles van participar aportant aliments dels colors preferits de Joan Mir\u00f3 i vam compartir un esmorzar conjunt!<\/p>\n<p>Tamb\u00e9 vam fer tots junts els jocs que practiquem a l&#8217;activitat d&#8217;educaci\u00f3 de la respiraci\u00f3 i del moviment i vam acabar amb una sessi\u00f3 de relaxaci\u00f3.<\/p>\n<p>Vam gaudir d&#8217;una jornada magn\u00edfica!!<\/p>\n<p><iframe loading=\"lazy\" title=\"CEE LLEVANT - PROJECTE JOAN MIR\u00d3 - CICLE INICIAL\" width=\"500\" height=\"281\" src=\"https:\/\/www.youtube.com\/embed\/j9iXNY_MxVI?feature=oembed\" frameborder=\"0\" allow=\"accelerometer; autoplay; clipboard-write; encrypted-media; gyroscope; picture-in-picture; web-share\" referrerpolicy=\"strict-origin-when-cross-origin\" allowfullscreen><\/iframe><\/p>\n<p><iframe loading=\"lazy\" title=\"CEE LLEVANT - PROJECTE JOAN MIR\u00d3 - CICLE INICIAL\" width=\"500\" height=\"281\" src=\"https:\/\/www.youtube.com\/embed\/co7Bx80CvLU?feature=oembed\" frameborder=\"0\" allow=\"accelerometer; autoplay; clipboard-write; encrypted-media; gyroscope; picture-in-picture; web-share\" referrerpolicy=\"strict-origin-when-cross-origin\" allowfullscreen><\/iframe><\/p>\n","protected":false},"excerpt":{"rendered":"<p>Els i les alumnes del cicle Inicial hem estat immersos durant el primer trimestre i part del segon en el Projecte Joan Mir\u00f3. A partir de la seva obra no sols hem treballat objectius relacionats amb el llenguatge pl\u00e0stic, sin\u00f3 que tamb\u00e9 hem experimentat amb&hellip;  <a href=\"https:\/\/agora.xtec.cat\/ceellevant\/general\/projecte-joan-miro-al-cicle-inicial\/\" title=\"Read PROJECTE JOAN MIR\u00d3 AL CICLE INICIAL\">Llegeix m\u00e9s\u00bb<\/a><\/p>\n","protected":false},"author":1,"featured_media":4802,"comment_status":"open","ping_status":"closed","sticky":false,"template":"","format":"standard","meta":{"_bbp_topic_count":0,"_bbp_reply_count":0,"_bbp_total_topic_count":0,"_bbp_total_reply_count":0,"_bbp_voice_count":0,"_bbp_anonymous_reply_count":0,"_bbp_topic_count_hidden":0,"_bbp_reply_count_hidden":0,"_bbp_forum_subforum_count":0,"footnotes":""},"categories":[46,1,4],"tags":[35,176,138,42,97,327,340,341],"class_list":["post-4801","post","type-post","status-publish","format-standard","has-post-thumbnail","hentry","category-cicle-inicial","category-general","category-portada","tag-activitats-culturals","tag-activitats-escola","tag-activitats-ludiques","tag-activitats-pedagogiques","tag-cicle-inicial","tag-curs-22-23","tag-joan-miro","tag-projecte"],"post_mailing_queue_ids":[],"_links":{"self":[{"href":"https:\/\/agora.xtec.cat\/ceellevant\/wp-json\/wp\/v2\/posts\/4801","targetHints":{"allow":["GET"]}}],"collection":[{"href":"https:\/\/agora.xtec.cat\/ceellevant\/wp-json\/wp\/v2\/posts"}],"about":[{"href":"https:\/\/agora.xtec.cat\/ceellevant\/wp-json\/wp\/v2\/types\/post"}],"author":[{"embeddable":true,"href":"https:\/\/agora.xtec.cat\/ceellevant\/wp-json\/wp\/v2\/users\/1"}],"replies":[{"embeddable":true,"href":"https:\/\/agora.xtec.cat\/ceellevant\/wp-json\/wp\/v2\/comments?post=4801"}],"version-history":[{"count":2,"href":"https:\/\/agora.xtec.cat\/ceellevant\/wp-json\/wp\/v2\/posts\/4801\/revisions"}],"predecessor-version":[{"id":4804,"href":"https:\/\/agora.xtec.cat\/ceellevant\/wp-json\/wp\/v2\/posts\/4801\/revisions\/4804"}],"wp:featuredmedia":[{"embeddable":true,"href":"https:\/\/agora.xtec.cat\/ceellevant\/wp-json\/wp\/v2\/media\/4802"}],"wp:attachment":[{"href":"https:\/\/agora.xtec.cat\/ceellevant\/wp-json\/wp\/v2\/media?parent=4801"}],"wp:term":[{"taxonomy":"category","embeddable":true,"href":"https:\/\/agora.xtec.cat\/ceellevant\/wp-json\/wp\/v2\/categories?post=4801"},{"taxonomy":"post_tag","embeddable":true,"href":"https:\/\/agora.xtec.cat\/ceellevant\/wp-json\/wp\/v2\/tags?post=4801"}],"curies":[{"name":"wp","href":"https:\/\/api.w.org\/{rel}","templated":true}]}}