{"id":4792,"date":"2023-02-26T19:42:39","date_gmt":"2023-02-26T18:42:39","guid":{"rendered":"https:\/\/agora.xtec.cat\/ceellevant\/?p=4792"},"modified":"2023-02-26T19:42:59","modified_gmt":"2023-02-26T18:42:59","slug":"celebrem-el-carnaval","status":"publish","type":"post","link":"https:\/\/agora.xtec.cat\/ceellevant\/general\/celebrem-el-carnaval\/","title":{"rendered":"CELEBREM EL CARNAVAL"},"content":{"rendered":"<p><span style=\"font-weight: 400;\">Aquest any hem pogut tornar a celebrar la festa de Carnaval amb les fam\u00edlies!<\/span><\/p>\n<p><span style=\"font-weight: 400;\">Al llarg de la setmana tots hem anat guarnits segons les ordres que ens ha deixat el Rei Carnestoltes i la tem\u00e0tica per la disfressa de divendres ha estat el cinema: pel\u00b7l\u00edcules.<\/span><\/p>\n<p><span style=\"font-weight: 400;\">Hem fet una desfilada al pati de l&#8217;escola on ha participat tota la comunitat educativa! Hem vist petits minions, s\u00faper Mario Bros amb el seu amic Luigi, Harry Potter, els amics d&#8217;hotel Transsilv\u00e0nia, els protagonistes de Grease, la mal\u00e8fica Cruella De Ville perseguint els d\u00e0lmates i Inside Out mostrant les emocions!<\/span><\/p>\n<p><span style=\"font-weight: 400;\">Despr\u00e9s hem seguit la festa ballant tots junts a ritme de Carnaval com feia temps que no pod\u00edem fer! Hem passat un mat\u00ed molt divertit!<\/span><\/p>\n<p><iframe loading=\"lazy\" title=\"CEE LLEVANT.CARNAVAL 2023\" width=\"500\" height=\"281\" src=\"https:\/\/www.youtube.com\/embed\/0T6oGf3gVWw?feature=oembed\" frameborder=\"0\" allow=\"accelerometer; autoplay; clipboard-write; encrypted-media; gyroscope; picture-in-picture; web-share\" referrerpolicy=\"strict-origin-when-cross-origin\" allowfullscreen><\/iframe><\/p>\n","protected":false},"excerpt":{"rendered":"<p>Aquest any hem pogut tornar a celebrar la festa de Carnaval amb les fam\u00edlies!<br \/>\nAl llarg de la setmana tots hem anat guarnits segons les ordres que ens ha deixat el Rei Carnestoltes i la tem\u00e0tica per la disfressa de divendres ha estat el cinema: pel\u00b7l\u00edcules.<br \/>\nHem&hellip;  <a href=\"https:\/\/agora.xtec.cat\/ceellevant\/general\/celebrem-el-carnaval\/\" title=\"Read CELEBREM EL CARNAVAL\">Llegeix m\u00e9s\u00bb<\/a><\/p>\n","protected":false},"author":1,"featured_media":4793,"comment_status":"open","ping_status":"closed","sticky":false,"template":"","format":"standard","meta":{"_bbp_topic_count":0,"_bbp_reply_count":0,"_bbp_total_topic_count":0,"_bbp_total_reply_count":0,"_bbp_voice_count":0,"_bbp_anonymous_reply_count":0,"_bbp_topic_count_hidden":0,"_bbp_reply_count_hidden":0,"_bbp_forum_subforum_count":0,"footnotes":""},"categories":[1,4],"tags":[125,327,124],"class_list":["post-4792","post","type-post","status-publish","format-standard","has-post-thumbnail","hentry","category-general","category-portada","tag-carnaval","tag-curs-22-23","tag-festesdescola"],"post_mailing_queue_ids":[],"_links":{"self":[{"href":"https:\/\/agora.xtec.cat\/ceellevant\/wp-json\/wp\/v2\/posts\/4792","targetHints":{"allow":["GET"]}}],"collection":[{"href":"https:\/\/agora.xtec.cat\/ceellevant\/wp-json\/wp\/v2\/posts"}],"about":[{"href":"https:\/\/agora.xtec.cat\/ceellevant\/wp-json\/wp\/v2\/types\/post"}],"author":[{"embeddable":true,"href":"https:\/\/agora.xtec.cat\/ceellevant\/wp-json\/wp\/v2\/users\/1"}],"replies":[{"embeddable":true,"href":"https:\/\/agora.xtec.cat\/ceellevant\/wp-json\/wp\/v2\/comments?post=4792"}],"version-history":[{"count":2,"href":"https:\/\/agora.xtec.cat\/ceellevant\/wp-json\/wp\/v2\/posts\/4792\/revisions"}],"predecessor-version":[{"id":4795,"href":"https:\/\/agora.xtec.cat\/ceellevant\/wp-json\/wp\/v2\/posts\/4792\/revisions\/4795"}],"wp:featuredmedia":[{"embeddable":true,"href":"https:\/\/agora.xtec.cat\/ceellevant\/wp-json\/wp\/v2\/media\/4793"}],"wp:attachment":[{"href":"https:\/\/agora.xtec.cat\/ceellevant\/wp-json\/wp\/v2\/media?parent=4792"}],"wp:term":[{"taxonomy":"category","embeddable":true,"href":"https:\/\/agora.xtec.cat\/ceellevant\/wp-json\/wp\/v2\/categories?post=4792"},{"taxonomy":"post_tag","embeddable":true,"href":"https:\/\/agora.xtec.cat\/ceellevant\/wp-json\/wp\/v2\/tags?post=4792"}],"curies":[{"name":"wp","href":"https:\/\/api.w.org\/{rel}","templated":true}]}}