{"id":4750,"date":"2023-01-08T10:44:47","date_gmt":"2023-01-08T09:44:47","guid":{"rendered":"https:\/\/agora.xtec.cat\/ceellevant\/?p=4750"},"modified":"2023-01-08T10:44:47","modified_gmt":"2023-01-08T09:44:47","slug":"fotos-del-nadal-a-lescola","status":"publish","type":"post","link":"https:\/\/agora.xtec.cat\/ceellevant\/general\/fotos-del-nadal-a-lescola\/","title":{"rendered":"FOTOS DEL NADAL A L&#8217;ESCOLA"},"content":{"rendered":"<p>Us volem compartir l&#8217;\u00e0lbum de fotos del Nadal a l&#8217;escola.<\/p>\n<p>Molt\u00edssimes gr\u00e0cies a tota l&#8217;AFA per continuar sempre mantenint l&#8217;il\u00b7lusi\u00f3 dels nostres nens i nenes.<\/p>\n<p>Volem tamb\u00e9 fer una menci\u00f3 especial a la nostra fot\u00f2grafa, la S\u00f2nia! GR\u00c0CIES!<\/p>\n<p><a href=\"https:\/\/photos.app.goo.gl\/ovuqj4dgh8UDLiAs7\" target=\"_blank\" rel=\"noopener\">FOTOS NADAL 2022<\/a><\/p>\n","protected":false},"excerpt":{"rendered":"<p>Us volem compartir l&#8217;\u00e0lbum de fotos del Nadal a l&#8217;escola.<br \/>\nMolt\u00edssimes gr\u00e0cies a tota l&#8217;AFA per continuar sempre mantenint l&#8217;il\u00b7lusi\u00f3 dels nostres nens i nenes.<br \/>\nVolem tamb\u00e9 fer una menci\u00f3 especial a la nostra fot\u00f2grafa, la S\u00f2nia! GR\u00c0CIES!<br \/>\n<a href=\"https:\/\/photos.app.goo.gl\/ovuqj4dgh8UDLiAs7\" target=\"_blank\" rel=\"noopener\">FOTOS NADAL 2022<\/a><\/p>\n","protected":false},"author":1,"featured_media":0,"comment_status":"open","ping_status":"closed","sticky":false,"template":"","format":"standard","meta":{"_bbp_topic_count":0,"_bbp_reply_count":0,"_bbp_total_topic_count":0,"_bbp_total_reply_count":0,"_bbp_voice_count":0,"_bbp_anonymous_reply_count":0,"_bbp_topic_count_hidden":0,"_bbp_reply_count_hidden":0,"_bbp_forum_subforum_count":0,"footnotes":""},"categories":[7,1,4],"tags":[327,150],"class_list":["post-4750","post","type-post","status-publish","format-standard","hentry","category-afa","category-general","category-portada","tag-curs-22-23","tag-nadal"],"post_mailing_queue_ids":[],"_links":{"self":[{"href":"https:\/\/agora.xtec.cat\/ceellevant\/wp-json\/wp\/v2\/posts\/4750","targetHints":{"allow":["GET"]}}],"collection":[{"href":"https:\/\/agora.xtec.cat\/ceellevant\/wp-json\/wp\/v2\/posts"}],"about":[{"href":"https:\/\/agora.xtec.cat\/ceellevant\/wp-json\/wp\/v2\/types\/post"}],"author":[{"embeddable":true,"href":"https:\/\/agora.xtec.cat\/ceellevant\/wp-json\/wp\/v2\/users\/1"}],"replies":[{"embeddable":true,"href":"https:\/\/agora.xtec.cat\/ceellevant\/wp-json\/wp\/v2\/comments?post=4750"}],"version-history":[{"count":1,"href":"https:\/\/agora.xtec.cat\/ceellevant\/wp-json\/wp\/v2\/posts\/4750\/revisions"}],"predecessor-version":[{"id":4751,"href":"https:\/\/agora.xtec.cat\/ceellevant\/wp-json\/wp\/v2\/posts\/4750\/revisions\/4751"}],"wp:attachment":[{"href":"https:\/\/agora.xtec.cat\/ceellevant\/wp-json\/wp\/v2\/media?parent=4750"}],"wp:term":[{"taxonomy":"category","embeddable":true,"href":"https:\/\/agora.xtec.cat\/ceellevant\/wp-json\/wp\/v2\/categories?post=4750"},{"taxonomy":"post_tag","embeddable":true,"href":"https:\/\/agora.xtec.cat\/ceellevant\/wp-json\/wp\/v2\/tags?post=4750"}],"curies":[{"name":"wp","href":"https:\/\/api.w.org\/{rel}","templated":true}]}}