{"id":4736,"date":"2022-12-13T12:24:35","date_gmt":"2022-12-13T11:24:35","guid":{"rendered":"https:\/\/agora.xtec.cat\/ceellevant\/?p=4736"},"modified":"2022-12-13T12:24:35","modified_gmt":"2022-12-13T11:24:35","slug":"el-pot-petit-a-badalona","status":"publish","type":"post","link":"https:\/\/agora.xtec.cat\/ceellevant\/general\/el-pot-petit-a-badalona\/","title":{"rendered":"EL POT PETIT A BADALONA"},"content":{"rendered":"<p style=\"text-align: center;\"><strong>CONCERT DEL POT PETIT A BADALONA<\/strong><\/p>\n<p style=\"text-align: center;\">DATA: Diumenge 17 de desembre<\/p>\n<p style=\"text-align: center;\">HORA: De 18 a 19:30<\/p>\n<p style=\"text-align: center;\">LLOC: Pla\u00e7a del President Tarradellas (Davant del Pavell\u00f3 Ol\u00edmpic)<\/p>\n<p style=\"text-align: center;\">ACTIVITAT GRATU\u00cfTA!<\/p>\n<p style=\"text-align: center;\">Envia&#8217;ns fotos del concert i les publicarem a la web de l&#8217;escola!<\/p>\n<p><a href=\"https:\/\/agora.xtec.cat\/ceellevant\/wp-content\/uploads\/usu999\/2022\/12\/pot-petit.jpg\"><img loading=\"lazy\" decoding=\"async\" class=\" wp-image-4737 aligncenter\" src=\"https:\/\/agora.xtec.cat\/ceellevant\/wp-content\/uploads\/usu999\/2022\/12\/pot-petit-1024x576.jpg\" alt=\"\" width=\"594\" height=\"334\" srcset=\"https:\/\/agora.xtec.cat\/ceellevant\/wp-content\/uploads\/usu999\/2022\/12\/pot-petit-1024x576.jpg 1024w, https:\/\/agora.xtec.cat\/ceellevant\/wp-content\/uploads\/usu999\/2022\/12\/pot-petit-300x169.jpg 300w, https:\/\/agora.xtec.cat\/ceellevant\/wp-content\/uploads\/usu999\/2022\/12\/pot-petit-768x432.jpg 768w, https:\/\/agora.xtec.cat\/ceellevant\/wp-content\/uploads\/usu999\/2022\/12\/pot-petit.jpg 1280w\" sizes=\"auto, (max-width: 594px) 100vw, 594px\" \/><\/a><\/p>\n","protected":false},"excerpt":{"rendered":"<p>CONCERT DEL POT PETIT A BADALONA<br \/>\nDATA: Diumenge 17 de desembre<br \/>\nHORA: De 18 a 19:30<br \/>\nLLOC: Pla\u00e7a del President Tarradellas (Davant del Pavell\u00f3 Ol\u00edmpic)<br \/>\nACTIVITAT GRATU\u00cfTA!<br \/>\nEnvia&#8217;ns fotos del concert i les publicarem a la web de l&#8217;escola!<br \/>\n<a href=\"https:\/\/agora.xtec.cat\/ceellevant\/wp-content\/uploads\/usu999\/2022\/12\/pot-petit.jpg\"><\/a><\/p>\n","protected":false},"author":1,"featured_media":0,"comment_status":"open","ping_status":"closed","sticky":false,"template":"","format":"standard","meta":{"_bbp_topic_count":0,"_bbp_reply_count":0,"_bbp_total_topic_count":0,"_bbp_total_reply_count":0,"_bbp_voice_count":0,"_bbp_anonymous_reply_count":0,"_bbp_topic_count_hidden":0,"_bbp_reply_count_hidden":0,"_bbp_forum_subforum_count":0,"footnotes":""},"categories":[1,4],"tags":[87,35,335],"class_list":["post-4736","post","type-post","status-publish","format-standard","hentry","category-general","category-portada","tag-activitats-ciutat","tag-activitats-culturals","tag-fem-ciutat"],"post_mailing_queue_ids":[],"_links":{"self":[{"href":"https:\/\/agora.xtec.cat\/ceellevant\/wp-json\/wp\/v2\/posts\/4736","targetHints":{"allow":["GET"]}}],"collection":[{"href":"https:\/\/agora.xtec.cat\/ceellevant\/wp-json\/wp\/v2\/posts"}],"about":[{"href":"https:\/\/agora.xtec.cat\/ceellevant\/wp-json\/wp\/v2\/types\/post"}],"author":[{"embeddable":true,"href":"https:\/\/agora.xtec.cat\/ceellevant\/wp-json\/wp\/v2\/users\/1"}],"replies":[{"embeddable":true,"href":"https:\/\/agora.xtec.cat\/ceellevant\/wp-json\/wp\/v2\/comments?post=4736"}],"version-history":[{"count":1,"href":"https:\/\/agora.xtec.cat\/ceellevant\/wp-json\/wp\/v2\/posts\/4736\/revisions"}],"predecessor-version":[{"id":4738,"href":"https:\/\/agora.xtec.cat\/ceellevant\/wp-json\/wp\/v2\/posts\/4736\/revisions\/4738"}],"wp:attachment":[{"href":"https:\/\/agora.xtec.cat\/ceellevant\/wp-json\/wp\/v2\/media?parent=4736"}],"wp:term":[{"taxonomy":"category","embeddable":true,"href":"https:\/\/agora.xtec.cat\/ceellevant\/wp-json\/wp\/v2\/categories?post=4736"},{"taxonomy":"post_tag","embeddable":true,"href":"https:\/\/agora.xtec.cat\/ceellevant\/wp-json\/wp\/v2\/tags?post=4736"}],"curies":[{"name":"wp","href":"https:\/\/api.w.org\/{rel}","templated":true}]}}