{"id":4727,"date":"2022-11-24T13:48:45","date_gmt":"2022-11-24T12:48:45","guid":{"rendered":"https:\/\/agora.xtec.cat\/ceellevant\/?p=4727"},"modified":"2022-11-24T13:48:45","modified_gmt":"2022-11-24T12:48:45","slug":"activitats-tardor-infantil-inicial","status":"publish","type":"post","link":"https:\/\/agora.xtec.cat\/ceellevant\/general\/activitats-tardor-infantil-inicial\/","title":{"rendered":"ACTIVITATS TARDOR &#8211; INFANTIL \/ INICIAL"},"content":{"rendered":"<p>Aquests dies hem estat fent activitats relacionades amb la tardor, experimentaci\u00f3 amb fulles i pinyes, fer panellets, can\u00e7ons i contes de la tardor, festa tem\u00e0tica amb textures, sabors i colors&#8230;<\/p>\n<p>Esperem que us agradi tant com a nosaltres!<\/p>\n<p><iframe loading=\"lazy\" title=\"CEE LLEVANT - FESTA DE LA TARDOR - INFANTIL\/INICIAL\" width=\"500\" height=\"281\" src=\"https:\/\/www.youtube.com\/embed\/blZ9GIRn5HE?feature=oembed\" frameborder=\"0\" allow=\"accelerometer; autoplay; clipboard-write; encrypted-media; gyroscope; picture-in-picture; web-share\" referrerpolicy=\"strict-origin-when-cross-origin\" allowfullscreen><\/iframe><\/p>\n<p>&nbsp;<\/p>\n<p><iframe loading=\"lazy\" title=\"CEE LLEVANT - ACTIVITATS TARDOR - ETAPA INFANTIL\" width=\"500\" height=\"281\" src=\"https:\/\/www.youtube.com\/embed\/K9pkf1Il9Qw?feature=oembed\" frameborder=\"0\" allow=\"accelerometer; autoplay; clipboard-write; encrypted-media; gyroscope; picture-in-picture; web-share\" referrerpolicy=\"strict-origin-when-cross-origin\" allowfullscreen><\/iframe><\/p>\n","protected":false},"excerpt":{"rendered":"<p>Aquests dies hem estat fent activitats relacionades amb la tardor, experimentaci\u00f3 amb fulles i pinyes, fer panellets, can\u00e7ons i contes de la tardor, festa tem\u00e0tica amb textures, sabors i colors&#8230;<br \/>\nEsperem que us agradi tant com a nosaltres!<\/p>\n<p>&nbsp;<\/p>\n","protected":false},"author":1,"featured_media":4728,"comment_status":"open","ping_status":"closed","sticky":false,"template":"","format":"standard","meta":{"_bbp_topic_count":0,"_bbp_reply_count":0,"_bbp_total_topic_count":0,"_bbp_total_reply_count":0,"_bbp_voice_count":0,"_bbp_anonymous_reply_count":0,"_bbp_topic_count_hidden":0,"_bbp_reply_count_hidden":0,"_bbp_forum_subforum_count":0,"footnotes":""},"categories":[46,54,1,4],"tags":[35,176,254,97,327,110],"class_list":["post-4727","post","type-post","status-publish","format-standard","has-post-thumbnail","hentry","category-cicle-inicial","category-infantil","category-general","category-portada","tag-activitats-culturals","tag-activitats-escola","tag-castanyada","tag-cicle-inicial","tag-curs-22-23","tag-etapa-infantil"],"post_mailing_queue_ids":[],"_links":{"self":[{"href":"https:\/\/agora.xtec.cat\/ceellevant\/wp-json\/wp\/v2\/posts\/4727","targetHints":{"allow":["GET"]}}],"collection":[{"href":"https:\/\/agora.xtec.cat\/ceellevant\/wp-json\/wp\/v2\/posts"}],"about":[{"href":"https:\/\/agora.xtec.cat\/ceellevant\/wp-json\/wp\/v2\/types\/post"}],"author":[{"embeddable":true,"href":"https:\/\/agora.xtec.cat\/ceellevant\/wp-json\/wp\/v2\/users\/1"}],"replies":[{"embeddable":true,"href":"https:\/\/agora.xtec.cat\/ceellevant\/wp-json\/wp\/v2\/comments?post=4727"}],"version-history":[{"count":1,"href":"https:\/\/agora.xtec.cat\/ceellevant\/wp-json\/wp\/v2\/posts\/4727\/revisions"}],"predecessor-version":[{"id":4729,"href":"https:\/\/agora.xtec.cat\/ceellevant\/wp-json\/wp\/v2\/posts\/4727\/revisions\/4729"}],"wp:featuredmedia":[{"embeddable":true,"href":"https:\/\/agora.xtec.cat\/ceellevant\/wp-json\/wp\/v2\/media\/4728"}],"wp:attachment":[{"href":"https:\/\/agora.xtec.cat\/ceellevant\/wp-json\/wp\/v2\/media?parent=4727"}],"wp:term":[{"taxonomy":"category","embeddable":true,"href":"https:\/\/agora.xtec.cat\/ceellevant\/wp-json\/wp\/v2\/categories?post=4727"},{"taxonomy":"post_tag","embeddable":true,"href":"https:\/\/agora.xtec.cat\/ceellevant\/wp-json\/wp\/v2\/tags?post=4727"}],"curies":[{"name":"wp","href":"https:\/\/api.w.org\/{rel}","templated":true}]}}