{"id":4656,"date":"2022-11-02T13:43:09","date_gmt":"2022-11-02T12:43:09","guid":{"rendered":"https:\/\/agora.xtec.cat\/ceellevant\/?p=4656"},"modified":"2022-11-10T10:12:57","modified_gmt":"2022-11-10T09:12:57","slug":"la-tardor-al-cicle-inicial","status":"publish","type":"post","link":"https:\/\/agora.xtec.cat\/ceellevant\/general\/la-tardor-al-cicle-inicial\/","title":{"rendered":"LA TARDOR AL CICLE INICIAL"},"content":{"rendered":"<p><span style=\"font-weight: 400;\">Durant la setmana pr\u00e8via al pont de la castanyada, els i les alumnes d&#8217;inicial hem pogut treballar la lectoescriptura, fer classificacions, practicar la motricitat, experimentar, olorar&#8230; amb tots els tresors de la tardor que les fam\u00edlies ens van fer arribar a l&#8217;escola. Moltes gr\u00e0cies!<\/span><\/p>\n<p><span style=\"font-weight: 400;\">Tamb\u00e9 hem fet tallers manuals! Unes mans i carabasses ben terror\u00edfiques i un arbre amb els pals i les fulles que vam recollir a la sortida al parc de Ca l&#8217;Arn\u00fas. A la tornada del parc, vam tenir una visita sorpresa! La Castanyera va venir per explicar-nos el conte de la tardor, i repassar tot el vocabulari que hav\u00edem practicat!<\/span><\/p>\n<p><span style=\"font-weight: 400;\">No ens volem oblidar del taller de cuina! Ens van quedar unes aranyes i panellets bon\u00edssims!!<\/span><\/p>\n<p><span style=\"font-weight: 400;\">Us convidem a veure els v\u00eddeos amb el resum de les activitats \ud83d\ude42<\/span><\/p>\n<p><iframe loading=\"lazy\" title=\"CEE LLEVANT - TARDOR - CICLE INICIAL\" width=\"500\" height=\"281\" src=\"https:\/\/www.youtube.com\/embed\/d4pm20lsJ68?feature=oembed\" frameborder=\"0\" allow=\"accelerometer; autoplay; clipboard-write; encrypted-media; gyroscope; picture-in-picture; web-share\" referrerpolicy=\"strict-origin-when-cross-origin\" allowfullscreen><\/iframe><\/p>\n<p><iframe loading=\"lazy\" title=\"CEE LLEVANT - CA L&#039;ARNUS - CICLE INICIAL\" width=\"500\" height=\"281\" src=\"https:\/\/www.youtube.com\/embed\/-qEah_WxKOw?feature=oembed\" frameborder=\"0\" allow=\"accelerometer; autoplay; clipboard-write; encrypted-media; gyroscope; picture-in-picture; web-share\" referrerpolicy=\"strict-origin-when-cross-origin\" allowfullscreen><\/iframe><\/p>\n<p><iframe loading=\"lazy\" title=\"CEE LLEVANT - CASTAWEEN - CICLE INICIAL\" width=\"500\" height=\"281\" src=\"https:\/\/www.youtube.com\/embed\/WN8slCX0Ghw?feature=oembed\" frameborder=\"0\" allow=\"accelerometer; autoplay; clipboard-write; encrypted-media; gyroscope; picture-in-picture; web-share\" referrerpolicy=\"strict-origin-when-cross-origin\" allowfullscreen><\/iframe><\/p>\n","protected":false},"excerpt":{"rendered":"<p>Durant la setmana pr\u00e8via al pont de la castanyada, els i les alumnes d&#8217;inicial hem pogut treballar la lectoescriptura, fer classificacions, practicar la motricitat, experimentar, olorar&#8230; amb tots els tresors de la tardor que les fam\u00edlies ens van fer arribar a l&#8217;escola. Moltes gr\u00e0cies!<br \/>\nTamb\u00e9 hem&hellip;  <a href=\"https:\/\/agora.xtec.cat\/ceellevant\/general\/la-tardor-al-cicle-inicial\/\" title=\"Read LA TARDOR AL CICLE INICIAL\">Llegeix m\u00e9s\u00bb<\/a><\/p>\n","protected":false},"author":1,"featured_media":4657,"comment_status":"open","ping_status":"closed","sticky":false,"template":"","format":"standard","meta":{"_bbp_topic_count":0,"_bbp_reply_count":0,"_bbp_total_topic_count":0,"_bbp_total_reply_count":0,"_bbp_voice_count":0,"_bbp_anonymous_reply_count":0,"_bbp_topic_count_hidden":0,"_bbp_reply_count_hidden":0,"_bbp_forum_subforum_count":0,"footnotes":""},"categories":[46,1,4],"tags":[87,35,138,42,236,329,254,97,327,82,16,126,330],"class_list":["post-4656","post","type-post","status-publish","format-standard","has-post-thumbnail","hentry","category-cicle-inicial","category-general","category-portada","tag-activitats-ciutat","tag-activitats-culturals","tag-activitats-ludiques","tag-activitats-pedagogiques","tag-arts-plastiques","tag-ca-larnus","tag-castanyada","tag-cicle-inicial","tag-curs-22-23","tag-halloween","tag-sortides","tag-taller-de-cuina","tag-tallers"],"post_mailing_queue_ids":[],"_links":{"self":[{"href":"https:\/\/agora.xtec.cat\/ceellevant\/wp-json\/wp\/v2\/posts\/4656","targetHints":{"allow":["GET"]}}],"collection":[{"href":"https:\/\/agora.xtec.cat\/ceellevant\/wp-json\/wp\/v2\/posts"}],"about":[{"href":"https:\/\/agora.xtec.cat\/ceellevant\/wp-json\/wp\/v2\/types\/post"}],"author":[{"embeddable":true,"href":"https:\/\/agora.xtec.cat\/ceellevant\/wp-json\/wp\/v2\/users\/1"}],"replies":[{"embeddable":true,"href":"https:\/\/agora.xtec.cat\/ceellevant\/wp-json\/wp\/v2\/comments?post=4656"}],"version-history":[{"count":2,"href":"https:\/\/agora.xtec.cat\/ceellevant\/wp-json\/wp\/v2\/posts\/4656\/revisions"}],"predecessor-version":[{"id":4726,"href":"https:\/\/agora.xtec.cat\/ceellevant\/wp-json\/wp\/v2\/posts\/4656\/revisions\/4726"}],"wp:featuredmedia":[{"embeddable":true,"href":"https:\/\/agora.xtec.cat\/ceellevant\/wp-json\/wp\/v2\/media\/4657"}],"wp:attachment":[{"href":"https:\/\/agora.xtec.cat\/ceellevant\/wp-json\/wp\/v2\/media?parent=4656"}],"wp:term":[{"taxonomy":"category","embeddable":true,"href":"https:\/\/agora.xtec.cat\/ceellevant\/wp-json\/wp\/v2\/categories?post=4656"},{"taxonomy":"post_tag","embeddable":true,"href":"https:\/\/agora.xtec.cat\/ceellevant\/wp-json\/wp\/v2\/tags?post=4656"}],"curies":[{"name":"wp","href":"https:\/\/api.w.org\/{rel}","templated":true}]}}