{"id":4592,"date":"2022-07-05T13:42:17","date_gmt":"2022-07-05T11:42:17","guid":{"rendered":"https:\/\/agora.xtec.cat\/ceellevant\/?p=4592"},"modified":"2022-07-05T13:42:17","modified_gmt":"2022-07-05T11:42:17","slug":"festa-de-final-de-curs-2022","status":"publish","type":"post","link":"https:\/\/agora.xtec.cat\/ceellevant\/general\/festa-de-final-de-curs-2022\/","title":{"rendered":"FESTA DE FINAL DE CURS 2022"},"content":{"rendered":"<p>Com cada any, toca acomiadar-nos d&#8217;un grup d&#8217;alumnes estimats als que desitgem tota la sort del mon en el seu nou cam\u00ed.<\/p>\n<p>Aquest curs ha estat marcat per el retrobaments, els agra\u00efments i tamb\u00e9 els comiats.<\/p>\n<p>A banda d&#8217;un concert xul\u00edssim a c\u00e0rrec de la coral, un berenar com cal i una festa grossa, l&#8217;AMPA va voler dedicar unes paraules a la N\u00faria, que despr\u00e9s de molts anys de dedicaci\u00f3, deixa la direcci\u00f3.<\/p>\n<p><a href=\"https:\/\/agora.xtec.cat\/ceellevant\/wp-content\/uploads\/usu999\/2022\/07\/foto-comiat.png\"><img loading=\"lazy\" decoding=\"async\" class=\"size-large wp-image-4593 aligncenter\" src=\"https:\/\/agora.xtec.cat\/ceellevant\/wp-content\/uploads\/usu999\/2022\/07\/foto-comiat-1024x366.png\" alt=\"\" width=\"1024\" height=\"366\" srcset=\"https:\/\/agora.xtec.cat\/ceellevant\/wp-content\/uploads\/usu999\/2022\/07\/foto-comiat-1024x366.png 1024w, https:\/\/agora.xtec.cat\/ceellevant\/wp-content\/uploads\/usu999\/2022\/07\/foto-comiat-300x107.png 300w, https:\/\/agora.xtec.cat\/ceellevant\/wp-content\/uploads\/usu999\/2022\/07\/foto-comiat-768x274.png 768w, https:\/\/agora.xtec.cat\/ceellevant\/wp-content\/uploads\/usu999\/2022\/07\/foto-comiat.png 1145w\" sizes=\"auto, (max-width: 1024px) 100vw, 1024px\" \/><\/a><\/p>\n<p>Clicant a l&#8217;enlla\u00e7 podeu veure tots els videos de la festa.<\/p>\n<p><a href=\"https:\/\/photos.app.goo.gl\/pfmTZnuYrwDEaqGX6\" target=\"_blank\" rel=\"noopener\">VIDEOS FESTA FINAL DE CURS 2022<\/a><\/p>\n<p>&nbsp;<\/p>\n","protected":false},"excerpt":{"rendered":"<p>Com cada any, toca acomiadar-nos d&#8217;un grup d&#8217;alumnes estimats als que desitgem tota la sort del mon en el seu nou cam\u00ed.<br \/>\nAquest curs ha estat marcat per el retrobaments, els agra\u00efments i tamb\u00e9 els comiats.<br \/>\nA banda d&#8217;un concert xul\u00edssim a c\u00e0rrec de la coral, un&hellip;  <a href=\"https:\/\/agora.xtec.cat\/ceellevant\/general\/festa-de-final-de-curs-2022\/\" title=\"Read FESTA DE FINAL DE CURS 2022\">Llegeix m\u00e9s\u00bb<\/a><\/p>\n","protected":false},"author":1,"featured_media":0,"comment_status":"open","ping_status":"closed","sticky":false,"template":"","format":"standard","meta":{"_bbp_topic_count":0,"_bbp_reply_count":0,"_bbp_total_topic_count":0,"_bbp_total_reply_count":0,"_bbp_voice_count":0,"_bbp_anonymous_reply_count":0,"_bbp_topic_count_hidden":0,"_bbp_reply_count_hidden":0,"_bbp_forum_subforum_count":0,"footnotes":""},"categories":[7,1,4],"tags":[246,282,272],"class_list":["post-4592","post","type-post","status-publish","format-standard","hentry","category-afa","category-general","category-portada","tag-comiatalumnes","tag-festa","tag-final-de-curs"],"post_mailing_queue_ids":[],"_links":{"self":[{"href":"https:\/\/agora.xtec.cat\/ceellevant\/wp-json\/wp\/v2\/posts\/4592","targetHints":{"allow":["GET"]}}],"collection":[{"href":"https:\/\/agora.xtec.cat\/ceellevant\/wp-json\/wp\/v2\/posts"}],"about":[{"href":"https:\/\/agora.xtec.cat\/ceellevant\/wp-json\/wp\/v2\/types\/post"}],"author":[{"embeddable":true,"href":"https:\/\/agora.xtec.cat\/ceellevant\/wp-json\/wp\/v2\/users\/1"}],"replies":[{"embeddable":true,"href":"https:\/\/agora.xtec.cat\/ceellevant\/wp-json\/wp\/v2\/comments?post=4592"}],"version-history":[{"count":1,"href":"https:\/\/agora.xtec.cat\/ceellevant\/wp-json\/wp\/v2\/posts\/4592\/revisions"}],"predecessor-version":[{"id":4594,"href":"https:\/\/agora.xtec.cat\/ceellevant\/wp-json\/wp\/v2\/posts\/4592\/revisions\/4594"}],"wp:attachment":[{"href":"https:\/\/agora.xtec.cat\/ceellevant\/wp-json\/wp\/v2\/media?parent=4592"}],"wp:term":[{"taxonomy":"category","embeddable":true,"href":"https:\/\/agora.xtec.cat\/ceellevant\/wp-json\/wp\/v2\/categories?post=4592"},{"taxonomy":"post_tag","embeddable":true,"href":"https:\/\/agora.xtec.cat\/ceellevant\/wp-json\/wp\/v2\/tags?post=4592"}],"curies":[{"name":"wp","href":"https:\/\/api.w.org\/{rel}","templated":true}]}}