{"id":4589,"date":"2022-07-05T12:56:23","date_gmt":"2022-07-05T10:56:23","guid":{"rendered":"https:\/\/agora.xtec.cat\/ceellevant\/?p=4589"},"modified":"2022-07-05T12:56:23","modified_gmt":"2022-07-05T10:56:23","slug":"cercle-de-percussio","status":"publish","type":"post","link":"https:\/\/agora.xtec.cat\/ceellevant\/general\/cercle-de-percussio\/","title":{"rendered":"CERCLE DE PERCUSSI\u00d3"},"content":{"rendered":"<p>El passat divendres dia 17 de juny un grup d&#8217;alumnes de l&#8217;Escola v\u00e0rem rebre la visita del\u00a0Musicoterapeuta\u00a0Jordi Vinyoles que ens va guiar a trav\u00e9s\u00a0d&#8217;un\u00a0CERCLE DE PERCUSSI\u00d3.<br \/>\nVa ser una activitat l\u00fadica, molt\u00a0din\u00e0mica\u00a0i divertida on v\u00e0rem poder treballar diferents\u00a0aspectes\u00a0tan\u00a0important per l&#8217;aprenentatge: l&#8217;escolta, l&#8217;exploraci\u00f3, l&#8217;espera, els torns, el silenci i pauses\u00a0seguint\u00a0les consignes\u00a0etc&#8230;<br \/>\nEn Jordi ens va portar diferents instruments i vam tenir l&#8217;oportunitat d&#8217;intercanviar-los i provar.<\/p>\n<p>Un taller molt inspirador ara que arriba l&#8217;estiu!<\/p>\n<p>Agra\u00efm la predisposici\u00f3 i amabilitat d&#8217;UNIS\u00d3\u00a0(Jordi).<\/p>\n<p><iframe loading=\"lazy\" title=\"CEE LLEVANT.Cercle de Percussi\u00f3\" width=\"500\" height=\"281\" src=\"https:\/\/www.youtube.com\/embed\/Zn9httmD2fw?feature=oembed\" frameborder=\"0\" allow=\"accelerometer; autoplay; clipboard-write; encrypted-media; gyroscope; picture-in-picture; web-share\" referrerpolicy=\"strict-origin-when-cross-origin\" allowfullscreen><\/iframe><\/p>\n<p>&nbsp;<\/p>\n","protected":false},"excerpt":{"rendered":"<p>El passat divendres dia 17 de juny un grup d&#8217;alumnes de l&#8217;Escola v\u00e0rem rebre la visita del\u00a0Musicoterapeuta\u00a0Jordi Vinyoles que ens va guiar a trav\u00e9s\u00a0d&#8217;un\u00a0CERCLE DE PERCUSSI\u00d3.<br \/>\nVa ser una activitat l\u00fadica, molt\u00a0din\u00e0mica\u00a0i divertida on v\u00e0rem poder treballar diferents\u00a0aspectes\u00a0tan\u00a0important per l&#8217;aprenentatge: l&#8217;escolta, l&#8217;exploraci\u00f3, l&#8217;espera, els torns, el&hellip;  <a href=\"https:\/\/agora.xtec.cat\/ceellevant\/general\/cercle-de-percussio\/\" title=\"Read CERCLE DE PERCUSSI\u00d3\">Llegeix m\u00e9s\u00bb<\/a><\/p>\n","protected":false},"author":1,"featured_media":4590,"comment_status":"open","ping_status":"closed","sticky":false,"template":"","format":"standard","meta":{"_bbp_topic_count":0,"_bbp_reply_count":0,"_bbp_total_topic_count":0,"_bbp_total_reply_count":0,"_bbp_voice_count":0,"_bbp_anonymous_reply_count":0,"_bbp_topic_count_hidden":0,"_bbp_reply_count_hidden":0,"_bbp_forum_subforum_count":0,"footnotes":""},"categories":[46,47,41,1,4],"tags":[138,279,109],"class_list":["post-4589","post","type-post","status-publish","format-standard","has-post-thumbnail","hentry","category-cicle-inicial","category-cicle-mitja","category-cicle-superior","category-general","category-portada","tag-activitats-ludiques","tag-curs21-22","tag-musica"],"post_mailing_queue_ids":[],"_links":{"self":[{"href":"https:\/\/agora.xtec.cat\/ceellevant\/wp-json\/wp\/v2\/posts\/4589","targetHints":{"allow":["GET"]}}],"collection":[{"href":"https:\/\/agora.xtec.cat\/ceellevant\/wp-json\/wp\/v2\/posts"}],"about":[{"href":"https:\/\/agora.xtec.cat\/ceellevant\/wp-json\/wp\/v2\/types\/post"}],"author":[{"embeddable":true,"href":"https:\/\/agora.xtec.cat\/ceellevant\/wp-json\/wp\/v2\/users\/1"}],"replies":[{"embeddable":true,"href":"https:\/\/agora.xtec.cat\/ceellevant\/wp-json\/wp\/v2\/comments?post=4589"}],"version-history":[{"count":1,"href":"https:\/\/agora.xtec.cat\/ceellevant\/wp-json\/wp\/v2\/posts\/4589\/revisions"}],"predecessor-version":[{"id":4591,"href":"https:\/\/agora.xtec.cat\/ceellevant\/wp-json\/wp\/v2\/posts\/4589\/revisions\/4591"}],"wp:featuredmedia":[{"embeddable":true,"href":"https:\/\/agora.xtec.cat\/ceellevant\/wp-json\/wp\/v2\/media\/4590"}],"wp:attachment":[{"href":"https:\/\/agora.xtec.cat\/ceellevant\/wp-json\/wp\/v2\/media?parent=4589"}],"wp:term":[{"taxonomy":"category","embeddable":true,"href":"https:\/\/agora.xtec.cat\/ceellevant\/wp-json\/wp\/v2\/categories?post=4589"},{"taxonomy":"post_tag","embeddable":true,"href":"https:\/\/agora.xtec.cat\/ceellevant\/wp-json\/wp\/v2\/tags?post=4589"}],"curies":[{"name":"wp","href":"https:\/\/api.w.org\/{rel}","templated":true}]}}