{"id":4578,"date":"2022-06-10T10:32:59","date_gmt":"2022-06-10T08:32:59","guid":{"rendered":"https:\/\/agora.xtec.cat\/ceellevant\/?p=4578"},"modified":"2022-06-10T10:57:19","modified_gmt":"2022-06-10T08:57:19","slug":"el-cicle-inicial-al-circ-cric","status":"publish","type":"post","link":"https:\/\/agora.xtec.cat\/ceellevant\/general\/el-cicle-inicial-al-circ-cric\/","title":{"rendered":"EL CICLE INICIAL AL CIRC CRIC"},"content":{"rendered":"<p>El passat dimecres dia 1 de juny el Cicle Mitj\u00e0 de Mart\u00ed Pujol v\u00e0rem fer una excursi\u00f3 de tot el\u00a0d\u00eda\u00a0al Circ Cric situat al municipi de Sant Esteve de Palautordera.<\/p>\n<p>Vam fer el trajecte en autob\u00fas fins a les instal\u00b7lacions. All\u00e0 ens van rebre un pallasso que es va assignar un animal (la garsa) que era la refer\u00e8ncia per la nostra escola. Cada escola tenia una tenda per guardar les pertinences i al costat un pal amb l&#8217;animal que l&#8217;identificava.<\/p>\n<p>Ens van facilitar una carpa per poder esmorzar i dinar i tenir una estona d&#8217;ombra. A continuaci\u00f3 ens van reunir a totes les escoles per dinamitzar-nos tot fer uns balls i moviments varis dirigits tot per un pallasso molt divertit!<br \/>\nDespr\u00e9s\u00a0vam\u00a0entrar a escola per escola a veure l&#8217;assaig principal previ a l&#8217;actuaci\u00f3 de la tarda.Vam\u00a0tenir una estona per\u00a0remullar-nos, dinar i tot seguit entrar a veure l&#8217;espectacle (a una\u00a0altra carpa). En aquest espectacle hi havia m\u00fasica en directe, diferents n\u00fameros d&#8217;acrob\u00e0cies\u00a0i humor.<\/p>\n<p>En finalitzar vam desfer el cam\u00ed, passant vora el riu per dirigir-nos a l&#8217;autocar i fer el viatge de tornada.<br \/>\nEns\u00a0vam\u00a0divertir de valent!<\/p>\n<p><iframe loading=\"lazy\" title=\"CEE LLEVANT AL CIRC CRIC\" width=\"500\" height=\"281\" src=\"https:\/\/www.youtube.com\/embed\/L0xCGgdFEhg?feature=oembed\" frameborder=\"0\" allow=\"accelerometer; autoplay; clipboard-write; encrypted-media; gyroscope; picture-in-picture; web-share\" referrerpolicy=\"strict-origin-when-cross-origin\" allowfullscreen><\/iframe><\/p>\n","protected":false},"excerpt":{"rendered":"<p>El passat dimecres dia 1 de juny el Cicle Mitj\u00e0 de Mart\u00ed Pujol v\u00e0rem fer una excursi\u00f3 de tot el\u00a0d\u00eda\u00a0al Circ Cric situat al municipi de Sant Esteve de Palautordera.<br \/>\nVam fer el trajecte en autob\u00fas fins a les instal\u00b7lacions. All\u00e0 ens van rebre un pallasso&hellip;  <a href=\"https:\/\/agora.xtec.cat\/ceellevant\/general\/el-cicle-inicial-al-circ-cric\/\" title=\"Read EL CICLE INICIAL AL CIRC CRIC\">Llegeix m\u00e9s\u00bb<\/a><\/p>\n","protected":false},"author":1,"featured_media":4579,"comment_status":"open","ping_status":"closed","sticky":false,"template":"","format":"standard","meta":{"_bbp_topic_count":0,"_bbp_reply_count":0,"_bbp_total_topic_count":0,"_bbp_total_reply_count":0,"_bbp_voice_count":0,"_bbp_anonymous_reply_count":0,"_bbp_topic_count_hidden":0,"_bbp_reply_count_hidden":0,"_bbp_forum_subforum_count":0,"footnotes":""},"categories":[46,1,4],"tags":[97,322,101],"class_list":["post-4578","post","type-post","status-publish","format-standard","has-post-thumbnail","hentry","category-cicle-inicial","category-general","category-portada","tag-cicle-inicial","tag-circ","tag-sortides-i-excursions"],"post_mailing_queue_ids":[],"_links":{"self":[{"href":"https:\/\/agora.xtec.cat\/ceellevant\/wp-json\/wp\/v2\/posts\/4578","targetHints":{"allow":["GET"]}}],"collection":[{"href":"https:\/\/agora.xtec.cat\/ceellevant\/wp-json\/wp\/v2\/posts"}],"about":[{"href":"https:\/\/agora.xtec.cat\/ceellevant\/wp-json\/wp\/v2\/types\/post"}],"author":[{"embeddable":true,"href":"https:\/\/agora.xtec.cat\/ceellevant\/wp-json\/wp\/v2\/users\/1"}],"replies":[{"embeddable":true,"href":"https:\/\/agora.xtec.cat\/ceellevant\/wp-json\/wp\/v2\/comments?post=4578"}],"version-history":[{"count":1,"href":"https:\/\/agora.xtec.cat\/ceellevant\/wp-json\/wp\/v2\/posts\/4578\/revisions"}],"predecessor-version":[{"id":4580,"href":"https:\/\/agora.xtec.cat\/ceellevant\/wp-json\/wp\/v2\/posts\/4578\/revisions\/4580"}],"wp:featuredmedia":[{"embeddable":true,"href":"https:\/\/agora.xtec.cat\/ceellevant\/wp-json\/wp\/v2\/media\/4579"}],"wp:attachment":[{"href":"https:\/\/agora.xtec.cat\/ceellevant\/wp-json\/wp\/v2\/media?parent=4578"}],"wp:term":[{"taxonomy":"category","embeddable":true,"href":"https:\/\/agora.xtec.cat\/ceellevant\/wp-json\/wp\/v2\/categories?post=4578"},{"taxonomy":"post_tag","embeddable":true,"href":"https:\/\/agora.xtec.cat\/ceellevant\/wp-json\/wp\/v2\/tags?post=4578"}],"curies":[{"name":"wp","href":"https:\/\/api.w.org\/{rel}","templated":true}]}}