{"id":4575,"date":"2022-06-10T14:43:02","date_gmt":"2022-06-10T12:43:02","guid":{"rendered":"https:\/\/agora.xtec.cat\/ceellevant\/?p=4575"},"modified":"2022-06-09T14:45:03","modified_gmt":"2022-06-09T12:45:03","slug":"fem-un-pastis-de-xocolata-grup-papallones","status":"publish","type":"post","link":"https:\/\/agora.xtec.cat\/ceellevant\/general\/fem-un-pastis-de-xocolata-grup-papallones\/","title":{"rendered":"FEM UN PAST\u00cdS DE XOCOLATA \u2013  GRUP PAPALLONES"},"content":{"rendered":"<p>El grup de les papallones gaudeixen de l\u2019activitat grupal del taller de cuina, hem fet una mousse de xocolata. Abans de comen\u00e7ar a fer-la hem explicat quins estris utilitzar\u00edem i quines accions far\u00edem, amb el suport de la tauleta. Tots ens hem posat mans a la massa! Tastar els ingredients \u00e9s un dels passos que no pot faltar\u2026 estava bon\u00edssima!<\/p>\n\n","protected":false},"excerpt":{"rendered":"<p>El grup de les papallones gaudeixen de l\u2019activitat grupal del taller de cuina, hem fet una mousse de xocolata. Abans de comen\u00e7ar a fer-la hem explicat quins estris utilitzar\u00edem i quines accions far\u00edem, amb el suport de la tauleta. Tots ens hem posat mans a&hellip;  <a href=\"https:\/\/agora.xtec.cat\/ceellevant\/general\/fem-un-pastis-de-xocolata-grup-papallones\/\" title=\"Read FEM UN PAST\u00cdS DE XOCOLATA \u2013  GRUP PAPALLONES\">Llegeix m\u00e9s\u00bb<\/a><\/p>\n","protected":false},"author":1,"featured_media":0,"comment_status":"open","ping_status":"closed","sticky":false,"template":"","format":"standard","meta":{"_bbp_topic_count":0,"_bbp_reply_count":0,"_bbp_total_topic_count":0,"_bbp_total_reply_count":0,"_bbp_voice_count":0,"_bbp_anonymous_reply_count":0,"_bbp_topic_count_hidden":0,"_bbp_reply_count_hidden":0,"_bbp_forum_subforum_count":0,"footnotes":""},"categories":[54,1,4],"tags":[176,279,110,127,126],"class_list":["post-4575","post","type-post","status-publish","format-standard","hentry","category-infantil","category-general","category-portada","tag-activitats-escola","tag-curs21-22","tag-etapa-infantil","tag-experimentacio","tag-taller-de-cuina"],"post_mailing_queue_ids":[],"_links":{"self":[{"href":"https:\/\/agora.xtec.cat\/ceellevant\/wp-json\/wp\/v2\/posts\/4575","targetHints":{"allow":["GET"]}}],"collection":[{"href":"https:\/\/agora.xtec.cat\/ceellevant\/wp-json\/wp\/v2\/posts"}],"about":[{"href":"https:\/\/agora.xtec.cat\/ceellevant\/wp-json\/wp\/v2\/types\/post"}],"author":[{"embeddable":true,"href":"https:\/\/agora.xtec.cat\/ceellevant\/wp-json\/wp\/v2\/users\/1"}],"replies":[{"embeddable":true,"href":"https:\/\/agora.xtec.cat\/ceellevant\/wp-json\/wp\/v2\/comments?post=4575"}],"version-history":[{"count":2,"href":"https:\/\/agora.xtec.cat\/ceellevant\/wp-json\/wp\/v2\/posts\/4575\/revisions"}],"predecessor-version":[{"id":4577,"href":"https:\/\/agora.xtec.cat\/ceellevant\/wp-json\/wp\/v2\/posts\/4575\/revisions\/4577"}],"wp:attachment":[{"href":"https:\/\/agora.xtec.cat\/ceellevant\/wp-json\/wp\/v2\/media?parent=4575"}],"wp:term":[{"taxonomy":"category","embeddable":true,"href":"https:\/\/agora.xtec.cat\/ceellevant\/wp-json\/wp\/v2\/categories?post=4575"},{"taxonomy":"post_tag","embeddable":true,"href":"https:\/\/agora.xtec.cat\/ceellevant\/wp-json\/wp\/v2\/tags?post=4575"}],"curies":[{"name":"wp","href":"https:\/\/api.w.org\/{rel}","templated":true}]}}