{"id":4557,"date":"2022-06-09T11:16:00","date_gmt":"2022-06-09T09:16:00","guid":{"rendered":"https:\/\/agora.xtec.cat\/ceellevant\/?p=4557"},"modified":"2022-06-09T11:16:06","modified_gmt":"2022-06-09T09:16:06","slug":"fotos-de-final-de-curs-2","status":"publish","type":"post","link":"https:\/\/agora.xtec.cat\/ceellevant\/portada\/fotos-de-final-de-curs-2\/","title":{"rendered":"FOTOS DE FINAL DE CURS"},"content":{"rendered":"<p style=\"text-align: center;\">Aquestes s\u00f3n les fotos del final del curs 21-22.<\/p>\n<p style=\"text-align: center;\">L&#8217;artista que les ha fet ha estat la S\u00f2nia Castro, la mare d&#8217;una alumna de l&#8217;escola. Li agra\u00efm molt la paci\u00e8ncia i dedicaci\u00f3.<\/p>\n<table style=\"border-collapse: collapse; width: 99.6374%; height: 712px;\">\n<tbody>\n<tr style=\"height: 312px;\">\n<td style=\"width: 33.3333%; text-align: center; height: 312px;\"><a href=\"https:\/\/agora.xtec.cat\/ceellevant\/wp-content\/uploads\/usu999\/2022\/06\/Infantil-REDUIDA-scaled.jpg\" target=\"_blank\" rel=\"noopener\"><img loading=\"lazy\" decoding=\"async\" class=\"alignnone wp-image-4556 size-large\" src=\"https:\/\/agora.xtec.cat\/ceellevant\/wp-content\/uploads\/usu999\/2022\/06\/Infantil-REDUIDA-1024x683.jpg\" alt=\"\" width=\"1024\" height=\"683\" srcset=\"https:\/\/agora.xtec.cat\/ceellevant\/wp-content\/uploads\/usu999\/2022\/06\/Infantil-REDUIDA-1024x683.jpg 1024w, https:\/\/agora.xtec.cat\/ceellevant\/wp-content\/uploads\/usu999\/2022\/06\/Infantil-REDUIDA-300x200.jpg 300w, https:\/\/agora.xtec.cat\/ceellevant\/wp-content\/uploads\/usu999\/2022\/06\/Infantil-REDUIDA-768x512.jpg 768w, https:\/\/agora.xtec.cat\/ceellevant\/wp-content\/uploads\/usu999\/2022\/06\/Infantil-REDUIDA-1536x1024.jpg 1536w, https:\/\/agora.xtec.cat\/ceellevant\/wp-content\/uploads\/usu999\/2022\/06\/Infantil-REDUIDA-2048x1365.jpg 2048w\" sizes=\"auto, (max-width: 1024px) 100vw, 1024px\" \/><\/a><\/p>\n<p>Etapa Infantil<\/td>\n<td style=\"width: 33.3333%; text-align: center; height: 312px;\"><a href=\"https:\/\/agora.xtec.cat\/ceellevant\/wp-content\/uploads\/usu999\/2022\/06\/1.Orla-Promocio-2021-2022-con-Joel-reduida.jpg\" target=\"_blank\" rel=\"noopener\"><img loading=\"lazy\" decoding=\"async\" class=\"alignnone wp-image-4552\" src=\"https:\/\/agora.xtec.cat\/ceellevant\/wp-content\/uploads\/usu999\/2022\/06\/1.Orla-Promocio-2021-2022-con-Joel-reduida-1024x724.jpg\" alt=\"\" width=\"331\" height=\"234\" srcset=\"https:\/\/agora.xtec.cat\/ceellevant\/wp-content\/uploads\/usu999\/2022\/06\/1.Orla-Promocio-2021-2022-con-Joel-reduida-1024x724.jpg 1024w, https:\/\/agora.xtec.cat\/ceellevant\/wp-content\/uploads\/usu999\/2022\/06\/1.Orla-Promocio-2021-2022-con-Joel-reduida-300x212.jpg 300w, https:\/\/agora.xtec.cat\/ceellevant\/wp-content\/uploads\/usu999\/2022\/06\/1.Orla-Promocio-2021-2022-con-Joel-reduida-768x543.jpg 768w, https:\/\/agora.xtec.cat\/ceellevant\/wp-content\/uploads\/usu999\/2022\/06\/1.Orla-Promocio-2021-2022-con-Joel-reduida-1536x1086.jpg 1536w, https:\/\/agora.xtec.cat\/ceellevant\/wp-content\/uploads\/usu999\/2022\/06\/1.Orla-Promocio-2021-2022-con-Joel-reduida.jpg 2000w\" sizes=\"auto, (max-width: 331px) 100vw, 331px\" \/><\/a><\/p>\n<p>Aquests s\u00f3n els alumnes que marxen aquest curs.<\/p>\n<p>Molta sort a tots!!!<\/td>\n<td style=\"width: 33.3333%; text-align: center; height: 312px;\"><a href=\"https:\/\/agora.xtec.cat\/ceellevant\/wp-content\/uploads\/usu999\/2022\/06\/CIA-reduida-scaled.jpg\" target=\"_blank\" rel=\"noopener\"><img loading=\"lazy\" decoding=\"async\" class=\"alignnone wp-image-4553 size-large\" src=\"https:\/\/agora.xtec.cat\/ceellevant\/wp-content\/uploads\/usu999\/2022\/06\/CIA-reduida-1024x683.jpg\" alt=\"\" width=\"1024\" height=\"683\" srcset=\"https:\/\/agora.xtec.cat\/ceellevant\/wp-content\/uploads\/usu999\/2022\/06\/CIA-reduida-1024x683.jpg 1024w, https:\/\/agora.xtec.cat\/ceellevant\/wp-content\/uploads\/usu999\/2022\/06\/CIA-reduida-300x200.jpg 300w, https:\/\/agora.xtec.cat\/ceellevant\/wp-content\/uploads\/usu999\/2022\/06\/CIA-reduida-768x512.jpg 768w, https:\/\/agora.xtec.cat\/ceellevant\/wp-content\/uploads\/usu999\/2022\/06\/CIA-reduida-1536x1024.jpg 1536w, https:\/\/agora.xtec.cat\/ceellevant\/wp-content\/uploads\/usu999\/2022\/06\/CIA-reduida-2048x1365.jpg 2048w\" sizes=\"auto, (max-width: 1024px) 100vw, 1024px\" \/><\/a><\/p>\n<p>Cicle Inicial Arn\u00fas<\/td>\n<\/tr>\n<tr style=\"height: 374px;\">\n<td style=\"width: 33.3333%; text-align: center; height: 295px;\"><a href=\"https:\/\/agora.xtec.cat\/ceellevant\/wp-content\/uploads\/usu999\/2022\/06\/CIMP-reduida-scaled.jpg\" target=\"_blank\" rel=\"noopener\"><img loading=\"lazy\" decoding=\"async\" class=\"alignnone wp-image-4554 size-large\" src=\"https:\/\/agora.xtec.cat\/ceellevant\/wp-content\/uploads\/usu999\/2022\/06\/CIMP-reduida-1024x683.jpg\" alt=\"\" width=\"1024\" height=\"683\" srcset=\"https:\/\/agora.xtec.cat\/ceellevant\/wp-content\/uploads\/usu999\/2022\/06\/CIMP-reduida-1024x683.jpg 1024w, https:\/\/agora.xtec.cat\/ceellevant\/wp-content\/uploads\/usu999\/2022\/06\/CIMP-reduida-300x200.jpg 300w, https:\/\/agora.xtec.cat\/ceellevant\/wp-content\/uploads\/usu999\/2022\/06\/CIMP-reduida-768x512.jpg 768w, https:\/\/agora.xtec.cat\/ceellevant\/wp-content\/uploads\/usu999\/2022\/06\/CIMP-reduida-1536x1024.jpg 1536w, https:\/\/agora.xtec.cat\/ceellevant\/wp-content\/uploads\/usu999\/2022\/06\/CIMP-reduida-2048x1365.jpg 2048w\" sizes=\"auto, (max-width: 1024px) 100vw, 1024px\" \/><\/a><\/p>\n<p>Cicle Inicial Mart\u00ed Pujol<\/td>\n<td style=\"width: 33.3333%; text-align: center; height: 295px;\"><\/td>\n<td style=\"width: 33.3333%; text-align: center; height: 295px;\"><a href=\"https:\/\/agora.xtec.cat\/ceellevant\/wp-content\/uploads\/usu999\/2022\/06\/CMiS-reduida-scaled.jpg\" target=\"_blank\" rel=\"noopener\"><img loading=\"lazy\" decoding=\"async\" class=\"alignnone wp-image-4555 size-large\" src=\"https:\/\/agora.xtec.cat\/ceellevant\/wp-content\/uploads\/usu999\/2022\/06\/CMiS-reduida-1024x683.jpg\" alt=\"\" width=\"1024\" height=\"683\" srcset=\"https:\/\/agora.xtec.cat\/ceellevant\/wp-content\/uploads\/usu999\/2022\/06\/CMiS-reduida-1024x683.jpg 1024w, https:\/\/agora.xtec.cat\/ceellevant\/wp-content\/uploads\/usu999\/2022\/06\/CMiS-reduida-300x200.jpg 300w, https:\/\/agora.xtec.cat\/ceellevant\/wp-content\/uploads\/usu999\/2022\/06\/CMiS-reduida-768x512.jpg 768w, https:\/\/agora.xtec.cat\/ceellevant\/wp-content\/uploads\/usu999\/2022\/06\/CMiS-reduida-1536x1024.jpg 1536w, https:\/\/agora.xtec.cat\/ceellevant\/wp-content\/uploads\/usu999\/2022\/06\/CMiS-reduida-2048x1365.jpg 2048w\" sizes=\"auto, (max-width: 1024px) 100vw, 1024px\" \/><\/a><\/p>\n<p>Cicle Mitj\u00e0 i Superior<\/td>\n<\/tr>\n<\/tbody>\n<\/table>\n","protected":false},"excerpt":{"rendered":"<p>Aquestes s\u00f3n les fotos del final del curs 21-22.<br \/>\nL&#8217;artista que les ha fet ha estat la S\u00f2nia Castro, la mare d&#8217;una alumna de l&#8217;escola. Li agra\u00efm molt la paci\u00e8ncia i dedicaci\u00f3.<\/p>\n<p><a href=\"https:\/\/agora.xtec.cat\/ceellevant\/wp-content\/uploads\/usu999\/2022\/06\/Infantil-REDUIDA-scaled.jpg\" target=\"_blank\" rel=\"noopener\"><\/a><br \/>\nEtapa Infantil<br \/>\n<a href=\"https:\/\/agora.xtec.cat\/ceellevant\/wp-content\/uploads\/usu999\/2022\/06\/1.Orla-Promocio-2021-2022-con-Joel-reduida.jpg\" target=\"_blank\" rel=\"noopener\"><\/a><br \/>\nAquests s\u00f3n els alumnes que marxen aquest curs.<br \/>\nMolta&hellip;  <a href=\"https:\/\/agora.xtec.cat\/ceellevant\/portada\/fotos-de-final-de-curs-2\/\" title=\"Read FOTOS DE FINAL DE CURS\">Llegeix m\u00e9s\u00bb<\/a><\/p>\n","protected":false},"author":1,"featured_media":0,"comment_status":"closed","ping_status":"closed","sticky":false,"template":"","format":"standard","meta":{"_bbp_topic_count":0,"_bbp_reply_count":0,"_bbp_total_topic_count":0,"_bbp_total_reply_count":0,"_bbp_voice_count":0,"_bbp_anonymous_reply_count":0,"_bbp_topic_count_hidden":0,"_bbp_reply_count_hidden":0,"_bbp_forum_subforum_count":0,"footnotes":""},"categories":[4],"tags":[171],"class_list":["post-4557","post","type-post","status-publish","format-standard","hentry","category-portada","tag-fotos-de-grup"],"post_mailing_queue_ids":[],"_links":{"self":[{"href":"https:\/\/agora.xtec.cat\/ceellevant\/wp-json\/wp\/v2\/posts\/4557","targetHints":{"allow":["GET"]}}],"collection":[{"href":"https:\/\/agora.xtec.cat\/ceellevant\/wp-json\/wp\/v2\/posts"}],"about":[{"href":"https:\/\/agora.xtec.cat\/ceellevant\/wp-json\/wp\/v2\/types\/post"}],"author":[{"embeddable":true,"href":"https:\/\/agora.xtec.cat\/ceellevant\/wp-json\/wp\/v2\/users\/1"}],"replies":[{"embeddable":true,"href":"https:\/\/agora.xtec.cat\/ceellevant\/wp-json\/wp\/v2\/comments?post=4557"}],"version-history":[{"count":4,"href":"https:\/\/agora.xtec.cat\/ceellevant\/wp-json\/wp\/v2\/posts\/4557\/revisions"}],"predecessor-version":[{"id":4563,"href":"https:\/\/agora.xtec.cat\/ceellevant\/wp-json\/wp\/v2\/posts\/4557\/revisions\/4563"}],"wp:attachment":[{"href":"https:\/\/agora.xtec.cat\/ceellevant\/wp-json\/wp\/v2\/media?parent=4557"}],"wp:term":[{"taxonomy":"category","embeddable":true,"href":"https:\/\/agora.xtec.cat\/ceellevant\/wp-json\/wp\/v2\/categories?post=4557"},{"taxonomy":"post_tag","embeddable":true,"href":"https:\/\/agora.xtec.cat\/ceellevant\/wp-json\/wp\/v2\/tags?post=4557"}],"curies":[{"name":"wp","href":"https:\/\/api.w.org\/{rel}","templated":true}]}}