{"id":4503,"date":"2022-06-02T09:27:30","date_gmt":"2022-06-02T07:27:30","guid":{"rendered":"https:\/\/agora.xtec.cat\/ceellevant\/?p=4503"},"modified":"2022-06-02T09:27:50","modified_gmt":"2022-06-02T07:27:50","slug":"el-cicle-inicial-visita-el-palau-olimpic-de-badalona","status":"publish","type":"post","link":"https:\/\/agora.xtec.cat\/ceellevant\/general\/el-cicle-inicial-visita-el-palau-olimpic-de-badalona\/","title":{"rendered":"EL CICLE INICIAL VISITA EL PALAU OL\u00cdMPIC DE BADALONA"},"content":{"rendered":"<p>El passat dijous dia 26 de maig tot el cicle de Mart\u00ed Pujol vam anar a visitar el Pavell\u00f3 Ol\u00edmpic de Badalona.<\/p>\n<p>A les 11 del mat\u00ed en Miguel \u00c1ngel\u00a0Formi\u00e9s\u00a0&#8220;Miqui&#8221; (antic cap de\u00a0premsa\u00a0del club durant\u00a016\u00a0anys i reconegut fot\u00f2graf i aficionat del b\u00e0squet) ens va rebre a les\u00a0instal\u00b7lacions\u00a0per fer-nos una visita guiada.<\/p>\n<p>Ens va explicar una mica els or\u00edgens del club aix\u00ed com els jugadors m\u00e9s carim\u00e0stic de tot el temps del club (que es veuen a les fotografies gegants del passad\u00eds principal).<br \/>\nDespr\u00e9s\u00a0vam\u00a0con\u00e8ixer el Gimn\u00e0s i la sala de\u00a0Premsa\u00a0on accedeixen els periodistes.<br \/>\nVam\u00a0tenir la fortuna de\u00a0provar\u00a0unes cistelles i pilotes per jugar durant una estona abans de poder entrar a la pista principal! All\u00e0 van entrar els jugadors del primer equip i l&#8217;entrenador Carles\u00a0Dur\u00e1n\u00a0ens va venir a saludar.\u00a0Despr\u00e9s\u00a0ens\u00a0vam\u00a0quedar a veure una part de l&#8217;entrenament.<\/p>\n<p><iframe loading=\"lazy\" title=\"CEE LLEVANT.Visita a l&#039;Ol\u00edmpic de Badalona\" width=\"500\" height=\"281\" src=\"https:\/\/www.youtube.com\/embed\/XV60pCSFfac?feature=oembed\" frameborder=\"0\" allow=\"accelerometer; autoplay; clipboard-write; encrypted-media; gyroscope; picture-in-picture; web-share\" referrerpolicy=\"strict-origin-when-cross-origin\" allowfullscreen><\/iframe><\/p>\n","protected":false},"excerpt":{"rendered":"<p>El passat dijous dia 26 de maig tot el cicle de Mart\u00ed Pujol vam anar a visitar el Pavell\u00f3 Ol\u00edmpic de Badalona.<br \/>\nA les 11 del mat\u00ed en Miguel \u00c1ngel\u00a0Formi\u00e9s\u00a0&#8220;Miqui&#8221; (antic cap de\u00a0premsa\u00a0del club durant\u00a016\u00a0anys i reconegut fot\u00f2graf i aficionat del b\u00e0squet) ens va rebre a&hellip;  <a href=\"https:\/\/agora.xtec.cat\/ceellevant\/general\/el-cicle-inicial-visita-el-palau-olimpic-de-badalona\/\" title=\"Read EL CICLE INICIAL VISITA EL PALAU OL\u00cdMPIC DE BADALONA\">Llegeix m\u00e9s\u00bb<\/a><\/p>\n","protected":false},"author":1,"featured_media":4504,"comment_status":"open","ping_status":"closed","sticky":false,"template":"","format":"standard","meta":{"_bbp_topic_count":0,"_bbp_reply_count":0,"_bbp_total_topic_count":0,"_bbp_total_reply_count":0,"_bbp_voice_count":0,"_bbp_anonymous_reply_count":0,"_bbp_topic_count_hidden":0,"_bbp_reply_count_hidden":0,"_bbp_forum_subforum_count":0,"footnotes":""},"categories":[46,1,4],"tags":[87,321,97,279],"class_list":["post-4503","post","type-post","status-publish","format-standard","has-post-thumbnail","hentry","category-cicle-inicial","category-general","category-portada","tag-activitats-ciutat","tag-activitats-esportives","tag-cicle-inicial","tag-curs21-22"],"post_mailing_queue_ids":[],"_links":{"self":[{"href":"https:\/\/agora.xtec.cat\/ceellevant\/wp-json\/wp\/v2\/posts\/4503","targetHints":{"allow":["GET"]}}],"collection":[{"href":"https:\/\/agora.xtec.cat\/ceellevant\/wp-json\/wp\/v2\/posts"}],"about":[{"href":"https:\/\/agora.xtec.cat\/ceellevant\/wp-json\/wp\/v2\/types\/post"}],"author":[{"embeddable":true,"href":"https:\/\/agora.xtec.cat\/ceellevant\/wp-json\/wp\/v2\/users\/1"}],"replies":[{"embeddable":true,"href":"https:\/\/agora.xtec.cat\/ceellevant\/wp-json\/wp\/v2\/comments?post=4503"}],"version-history":[{"count":1,"href":"https:\/\/agora.xtec.cat\/ceellevant\/wp-json\/wp\/v2\/posts\/4503\/revisions"}],"predecessor-version":[{"id":4505,"href":"https:\/\/agora.xtec.cat\/ceellevant\/wp-json\/wp\/v2\/posts\/4503\/revisions\/4505"}],"wp:featuredmedia":[{"embeddable":true,"href":"https:\/\/agora.xtec.cat\/ceellevant\/wp-json\/wp\/v2\/media\/4504"}],"wp:attachment":[{"href":"https:\/\/agora.xtec.cat\/ceellevant\/wp-json\/wp\/v2\/media?parent=4503"}],"wp:term":[{"taxonomy":"category","embeddable":true,"href":"https:\/\/agora.xtec.cat\/ceellevant\/wp-json\/wp\/v2\/categories?post=4503"},{"taxonomy":"post_tag","embeddable":true,"href":"https:\/\/agora.xtec.cat\/ceellevant\/wp-json\/wp\/v2\/tags?post=4503"}],"curies":[{"name":"wp","href":"https:\/\/api.w.org\/{rel}","templated":true}]}}