{"id":4464,"date":"2022-05-09T13:12:13","date_gmt":"2022-05-09T11:12:13","guid":{"rendered":"https:\/\/agora.xtec.cat\/ceellevant\/?p=4464"},"modified":"2022-05-09T13:12:13","modified_gmt":"2022-05-09T11:12:13","slug":"sortida-can-roure-cicle-inicial-arnus","status":"publish","type":"post","link":"https:\/\/agora.xtec.cat\/ceellevant\/general\/sortida-can-roure-cicle-inicial-arnus\/","title":{"rendered":"SORTIDA CAN ROURE CICLE INICIAL ARN\u00daS."},"content":{"rendered":"<p class=\"normal\"><span lang=\"ca\">El Cicle Inicial hem anat a la Masia de Can Roure, all\u00e0 ens hem gronxat a la Zona Enlaire, hem escoltat el conte vivenciat a la Sala Multisensorial, hem donat de menjar als animals, i no hem parat de saltar a la zona Saltimbanki, hem arribat molt cansats, per\u00f2 ens ho hem passat d\u2019all\u00f2 m\u00e9s b\u00e9. <\/span><\/p>\n<p>&nbsp;<\/p>\n\n","protected":false},"excerpt":{"rendered":"<p>El Cicle Inicial hem anat a la Masia de Can Roure, all\u00e0 ens hem gronxat a la Zona Enlaire, hem escoltat el conte vivenciat a la Sala Multisensorial, hem donat de menjar als animals, i no hem parat de saltar a la zona Saltimbanki, hem&hellip;  <a href=\"https:\/\/agora.xtec.cat\/ceellevant\/general\/sortida-can-roure-cicle-inicial-arnus\/\" title=\"Read SORTIDA CAN ROURE CICLE INICIAL ARN\u00daS.\">Llegeix m\u00e9s\u00bb<\/a><\/p>\n","protected":false},"author":1,"featured_media":4434,"comment_status":"open","ping_status":"closed","sticky":false,"template":"","format":"standard","meta":{"_bbp_topic_count":0,"_bbp_reply_count":0,"_bbp_total_topic_count":0,"_bbp_total_reply_count":0,"_bbp_voice_count":0,"_bbp_anonymous_reply_count":0,"_bbp_topic_count_hidden":0,"_bbp_reply_count_hidden":0,"_bbp_forum_subforum_count":0,"footnotes":""},"categories":[1,4],"tags":[176,138,97,79,16,101],"class_list":["post-4464","post","type-post","status-publish","format-standard","has-post-thumbnail","hentry","category-general","category-portada","tag-activitats-escola","tag-activitats-ludiques","tag-cicle-inicial","tag-excursions","tag-sortides","tag-sortides-i-excursions"],"post_mailing_queue_ids":[],"_links":{"self":[{"href":"https:\/\/agora.xtec.cat\/ceellevant\/wp-json\/wp\/v2\/posts\/4464","targetHints":{"allow":["GET"]}}],"collection":[{"href":"https:\/\/agora.xtec.cat\/ceellevant\/wp-json\/wp\/v2\/posts"}],"about":[{"href":"https:\/\/agora.xtec.cat\/ceellevant\/wp-json\/wp\/v2\/types\/post"}],"author":[{"embeddable":true,"href":"https:\/\/agora.xtec.cat\/ceellevant\/wp-json\/wp\/v2\/users\/1"}],"replies":[{"embeddable":true,"href":"https:\/\/agora.xtec.cat\/ceellevant\/wp-json\/wp\/v2\/comments?post=4464"}],"version-history":[{"count":1,"href":"https:\/\/agora.xtec.cat\/ceellevant\/wp-json\/wp\/v2\/posts\/4464\/revisions"}],"predecessor-version":[{"id":4465,"href":"https:\/\/agora.xtec.cat\/ceellevant\/wp-json\/wp\/v2\/posts\/4464\/revisions\/4465"}],"wp:featuredmedia":[{"embeddable":true,"href":"https:\/\/agora.xtec.cat\/ceellevant\/wp-json\/wp\/v2\/media\/4434"}],"wp:attachment":[{"href":"https:\/\/agora.xtec.cat\/ceellevant\/wp-json\/wp\/v2\/media?parent=4464"}],"wp:term":[{"taxonomy":"category","embeddable":true,"href":"https:\/\/agora.xtec.cat\/ceellevant\/wp-json\/wp\/v2\/categories?post=4464"},{"taxonomy":"post_tag","embeddable":true,"href":"https:\/\/agora.xtec.cat\/ceellevant\/wp-json\/wp\/v2\/tags?post=4464"}],"curies":[{"name":"wp","href":"https:\/\/api.w.org\/{rel}","templated":true}]}}