{"id":4431,"date":"2022-05-05T13:13:22","date_gmt":"2022-05-05T11:13:22","guid":{"rendered":"https:\/\/agora.xtec.cat\/ceellevant\/?p=4431"},"modified":"2022-05-05T13:13:22","modified_gmt":"2022-05-05T11:13:22","slug":"sant-jordi-cicle-inicial-arnus","status":"publish","type":"post","link":"https:\/\/agora.xtec.cat\/ceellevant\/general\/sant-jordi-cicle-inicial-arnus\/","title":{"rendered":"SANT JORDI CICLE INICIAL ARN\u00daS"},"content":{"rendered":"<p><span style=\"font-weight: 400;\">Al Cicle Inicial d\u2019Arn\u00fas, hem preparat les nostres roses per Sant Jordi, i\u00a0 tamb\u00e9\u00a0 hem pintat la nostra part del Drac per decorar l&#8217;escola! <\/span><\/p>\n<p><span style=\"font-weight: 400;\">Ha estat una feinada per\u00f2 ho hem passat d\u2019all\u00f2 m\u00e9s b\u00e9!<\/span><\/p>\n<p>&nbsp;<\/p>\n\n","protected":false},"excerpt":{"rendered":"<p>Al Cicle Inicial d\u2019Arn\u00fas, hem preparat les nostres roses per Sant Jordi, i\u00a0 tamb\u00e9\u00a0 hem pintat la nostra part del Drac per decorar l&#8217;escola!<br \/>\nHa estat una feinada per\u00f2 ho hem passat d\u2019all\u00f2 m\u00e9s b\u00e9!<br \/>\n&nbsp;<\/p>\n","protected":false},"author":1,"featured_media":4407,"comment_status":"open","ping_status":"closed","sticky":false,"template":"","format":"standard","meta":{"_bbp_topic_count":0,"_bbp_reply_count":0,"_bbp_total_topic_count":0,"_bbp_total_reply_count":0,"_bbp_voice_count":0,"_bbp_anonymous_reply_count":0,"_bbp_topic_count_hidden":0,"_bbp_reply_count_hidden":0,"_bbp_forum_subforum_count":0,"footnotes":""},"categories":[1,4],"tags":[35,176,97,81,48],"class_list":["post-4431","post","type-post","status-publish","format-standard","has-post-thumbnail","hentry","category-general","category-portada","tag-activitats-culturals","tag-activitats-escola","tag-cicle-inicial","tag-festes","tag-sant-jordi"],"post_mailing_queue_ids":[],"_links":{"self":[{"href":"https:\/\/agora.xtec.cat\/ceellevant\/wp-json\/wp\/v2\/posts\/4431","targetHints":{"allow":["GET"]}}],"collection":[{"href":"https:\/\/agora.xtec.cat\/ceellevant\/wp-json\/wp\/v2\/posts"}],"about":[{"href":"https:\/\/agora.xtec.cat\/ceellevant\/wp-json\/wp\/v2\/types\/post"}],"author":[{"embeddable":true,"href":"https:\/\/agora.xtec.cat\/ceellevant\/wp-json\/wp\/v2\/users\/1"}],"replies":[{"embeddable":true,"href":"https:\/\/agora.xtec.cat\/ceellevant\/wp-json\/wp\/v2\/comments?post=4431"}],"version-history":[{"count":1,"href":"https:\/\/agora.xtec.cat\/ceellevant\/wp-json\/wp\/v2\/posts\/4431\/revisions"}],"predecessor-version":[{"id":4432,"href":"https:\/\/agora.xtec.cat\/ceellevant\/wp-json\/wp\/v2\/posts\/4431\/revisions\/4432"}],"wp:featuredmedia":[{"embeddable":true,"href":"https:\/\/agora.xtec.cat\/ceellevant\/wp-json\/wp\/v2\/media\/4407"}],"wp:attachment":[{"href":"https:\/\/agora.xtec.cat\/ceellevant\/wp-json\/wp\/v2\/media?parent=4431"}],"wp:term":[{"taxonomy":"category","embeddable":true,"href":"https:\/\/agora.xtec.cat\/ceellevant\/wp-json\/wp\/v2\/categories?post=4431"},{"taxonomy":"post_tag","embeddable":true,"href":"https:\/\/agora.xtec.cat\/ceellevant\/wp-json\/wp\/v2\/tags?post=4431"}],"curies":[{"name":"wp","href":"https:\/\/api.w.org\/{rel}","templated":true}]}}