{"id":4313,"date":"2022-04-08T16:45:00","date_gmt":"2022-04-08T14:45:00","guid":{"rendered":"https:\/\/agora.xtec.cat\/ceellevant\/?p=4313"},"modified":"2022-04-08T16:45:00","modified_gmt":"2022-04-08T14:45:00","slug":"setmana-cultural-de-can-barriga","status":"publish","type":"post","link":"https:\/\/agora.xtec.cat\/ceellevant\/general\/setmana-cultural-de-can-barriga\/","title":{"rendered":"SETMANA CULTURAL DE CAN BARRIGA"},"content":{"rendered":"<p>Avui ha estat un dia s\u00faper especial per els alumnes del cicle mitj\u00e0 i superior de l&#8217;escola. Hem visitat als companys i companyes de Can Barriga, que aquesta setmana celebren la Setmana Cultural, aquest any, al voltant del joc. Ens han preparat uns espais de joc xul\u00edssims! Fins i tot un scape room!! . Ens ho hem passat molt b\u00e9 i estem s\u00faper contents de poder compartir aquests moments amb tots ells\/es.<\/p>\n<p>De tot cor, molt\u00edssimes gr\u00e0cies!!!! Us compartim un v\u00eddeo que ens han fet del dia de d&#8217;avui.<\/p>\n<p><iframe loading=\"lazy\" title=\"16 Setmana Cultural - divendres amb EEE Llevant\" width=\"500\" height=\"281\" src=\"https:\/\/www.youtube.com\/embed\/GvEHULHyCTA?feature=oembed\" frameborder=\"0\" allow=\"accelerometer; autoplay; clipboard-write; encrypted-media; gyroscope; picture-in-picture; web-share\" referrerpolicy=\"strict-origin-when-cross-origin\" allowfullscreen><\/iframe><\/p>\n","protected":false},"excerpt":{"rendered":"<p>Avui ha estat un dia s\u00faper especial per els alumnes del cicle mitj\u00e0 i superior de l&#8217;escola. Hem visitat als companys i companyes de Can Barriga, que aquesta setmana celebren la Setmana Cultural, aquest any, al voltant del joc. Ens han preparat uns espais de&hellip;  <a href=\"https:\/\/agora.xtec.cat\/ceellevant\/general\/setmana-cultural-de-can-barriga\/\" title=\"Read SETMANA CULTURAL DE CAN BARRIGA\">Llegeix m\u00e9s\u00bb<\/a><\/p>\n","protected":false},"author":1,"featured_media":4314,"comment_status":"open","ping_status":"closed","sticky":false,"template":"","format":"standard","meta":{"_bbp_topic_count":0,"_bbp_reply_count":0,"_bbp_total_topic_count":0,"_bbp_total_reply_count":0,"_bbp_voice_count":0,"_bbp_anonymous_reply_count":0,"_bbp_topic_count_hidden":0,"_bbp_reply_count_hidden":0,"_bbp_forum_subforum_count":0,"footnotes":""},"categories":[47,41,1,4],"tags":[314,315],"class_list":["post-4313","post","type-post","status-publish","format-standard","has-post-thumbnail","hentry","category-cicle-mitja","category-cicle-superior","category-general","category-portada","tag-canbarriga","tag-setmanacultural"],"post_mailing_queue_ids":[],"_links":{"self":[{"href":"https:\/\/agora.xtec.cat\/ceellevant\/wp-json\/wp\/v2\/posts\/4313","targetHints":{"allow":["GET"]}}],"collection":[{"href":"https:\/\/agora.xtec.cat\/ceellevant\/wp-json\/wp\/v2\/posts"}],"about":[{"href":"https:\/\/agora.xtec.cat\/ceellevant\/wp-json\/wp\/v2\/types\/post"}],"author":[{"embeddable":true,"href":"https:\/\/agora.xtec.cat\/ceellevant\/wp-json\/wp\/v2\/users\/1"}],"replies":[{"embeddable":true,"href":"https:\/\/agora.xtec.cat\/ceellevant\/wp-json\/wp\/v2\/comments?post=4313"}],"version-history":[{"count":1,"href":"https:\/\/agora.xtec.cat\/ceellevant\/wp-json\/wp\/v2\/posts\/4313\/revisions"}],"predecessor-version":[{"id":4315,"href":"https:\/\/agora.xtec.cat\/ceellevant\/wp-json\/wp\/v2\/posts\/4313\/revisions\/4315"}],"wp:featuredmedia":[{"embeddable":true,"href":"https:\/\/agora.xtec.cat\/ceellevant\/wp-json\/wp\/v2\/media\/4314"}],"wp:attachment":[{"href":"https:\/\/agora.xtec.cat\/ceellevant\/wp-json\/wp\/v2\/media?parent=4313"}],"wp:term":[{"taxonomy":"category","embeddable":true,"href":"https:\/\/agora.xtec.cat\/ceellevant\/wp-json\/wp\/v2\/categories?post=4313"},{"taxonomy":"post_tag","embeddable":true,"href":"https:\/\/agora.xtec.cat\/ceellevant\/wp-json\/wp\/v2\/tags?post=4313"}],"curies":[{"name":"wp","href":"https:\/\/api.w.org\/{rel}","templated":true}]}}