{"id":4282,"date":"2022-03-31T13:15:01","date_gmt":"2022-03-31T11:15:01","guid":{"rendered":"https:\/\/agora.xtec.cat\/ceellevant\/?p=4282"},"modified":"2022-03-31T13:15:01","modified_gmt":"2022-03-31T11:15:01","slug":"premi-romper-barreras","status":"publish","type":"post","link":"https:\/\/agora.xtec.cat\/ceellevant\/general\/premi-romper-barreras\/","title":{"rendered":"PREMI ROMPER BARRERAS"},"content":{"rendered":"<p style=\"text-align: center;\">El divendres 25 de mar\u00e7 de 2022, una representaci\u00f3 de professionals i de fam\u00edlies de l&#8217;AMPA, vam anar a recollir el <strong>1er Premi<\/strong>, versi\u00f3 col\u00b7lectiva, que ens va concedir la <strong>Fundaci\u00f3 Romper Barreras<\/strong>.<\/p>\n<p style=\"text-align: center;\">\u00c9s un Premi que recull la tasca que a l&#8217;escola estem fent amb l&#8217;utilitzaci\u00f3 de les ajudes t\u00e8cniques per la comunicaci\u00f3 i la participaci\u00f3.<\/p>\n<p style=\"text-align: center;\">AQUEST \u00c9S EL V\u00cdDEO GUANYADOR !!!<\/p>\n<p><iframe loading=\"lazy\" title=\"CEE Llevant.Todo lo que la tecnolog\u00eda de apoyo nos da.\" width=\"500\" height=\"281\" src=\"https:\/\/www.youtube.com\/embed\/CznBnVTOxy0?feature=oembed\" frameborder=\"0\" allow=\"accelerometer; autoplay; clipboard-write; encrypted-media; gyroscope; picture-in-picture; web-share\" referrerpolicy=\"strict-origin-when-cross-origin\" allowfullscreen><\/iframe><\/p>\n<p style=\"text-align: center;\"><strong>L&#8217;acte d&#8217;entrega de Premis va ser molt emotiu !!<\/strong><\/p>\n<p>A continuaci\u00f3 podeu trobar unes imatges que ho il\u00b7lustren. Us afegim el discurs que van llegir les logopedes Agn\u00e8s Almanza i Anna Caralt en el moment de recollir el premi. Tamb\u00e9 us afegim el discurs inaugural que va fer el Director de la Fundaci\u00f3, en Borja Romero.<\/p>\n<p style=\"text-align: center;\"><a href=\"https:\/\/agora.xtec.cat\/ceellevant\/wp-content\/uploads\/usu999\/2022\/03\/Discurs-Premi-Romper-Barreras.pdf\" target=\"_blank\" rel=\"noopener\">DISCURS DE LES LOGOPEDES<\/a><\/p>\n<p style=\"text-align: center;\"><a href=\"https:\/\/agora.xtec.cat\/ceellevant\/wp-content\/uploads\/usu999\/2022\/03\/Discurso-PRB22.pdf\" target=\"_blank\" rel=\"noopener\">DISCURS DEL DIRECTOR DE LA FUNDACI\u00d3<\/a><\/p>\n<p style=\"text-align: center;\">\r\n\t<div class=\"slideshow_container slideshow_container_style-light\" style=\"height: 300px; \" data-slideshow-id=\"4286\" data-style-name=\"style-light\" data-style-version=\"2.3.1\" >\r\n\r\n\t\t\t\t\t<div class=\"slideshow_loading_icon\"><\/div>\r\n\t\t\r\n\t\t<div class=\"slideshow_content\" style=\"display: none;\">\r\n\r\n\t\t\t<div class=\"slideshow_view\">\r\n\t\t\t\t<div class=\"slideshow_slide slideshow_slide_image\">\r\n\t\t\t\t\t\t\t\t\t\t\t<img src=\"https:\/\/agora.xtec.cat\/ceellevant\/wp-content\/uploads\/usu999\/2022\/03\/Premis-RomperB_-90.jpg\" alt=\"Representants dels professionals\" width=\"1700\" height=\"1133\" \/>\r\n\t\t\t\t\t\t\t\t\t\t<div class=\"slideshow_description_box slideshow_transparent\">\r\n\t\t\t\t\t\t<div class=\"slideshow_title\">Representants dels professionals<\/div>\t\t\t\t\t\t\t\t\t\t\t<\/div>\r\n\t\t\t\t<\/div>\r\n\r\n\t\t\t\t\t\t<div style=\"clear: both;\"><\/div><\/div><div class=\"slideshow_view\">\r\n\t\t\t\t<div class=\"slideshow_slide slideshow_slide_image\">\r\n\t\t\t\t\t\t\t\t\t\t\t<img src=\"https:\/\/agora.xtec.cat\/ceellevant\/wp-content\/uploads\/usu999\/2022\/03\/Premis-RomperB_-94.jpg\" alt=\"El discurs de les logopedes\" width=\"1700\" height=\"1133\" \/>\r\n\t\t\t\t\t\t\t\t\t\t<div class=\"slideshow_description_box slideshow_transparent\">\r\n\t\t\t\t\t\t<div class=\"slideshow_title\">El discurs de les logopedes<\/div>\t\t\t\t\t\t\t\t\t\t\t<\/div>\r\n\t\t\t\t<\/div>\r\n\r\n\t\t\t\t\t\t<div style=\"clear: both;\"><\/div><\/div><div class=\"slideshow_view\">\r\n\t\t\t\t<div class=\"slideshow_slide slideshow_slide_image\">\r\n\t\t\t\t\t\t\t\t\t\t\t<img src=\"https:\/\/agora.xtec.cat\/ceellevant\/wp-content\/uploads\/usu999\/2022\/03\/Premis-RomperB_-92.jpg\" alt=\"1.550\u20ac per gastar a l&#039;empresa BJ Adaptaciones\" width=\"1133\" height=\"1700\" \/>\r\n\t\t\t\t\t\t\t\t\t\t<div class=\"slideshow_description_box slideshow_transparent\">\r\n\t\t\t\t\t\t<div class=\"slideshow_title\">1.550\u20ac per gastar a l&#039;empresa BJ Adaptaciones<\/div>\t\t\t\t\t\t\t\t\t\t\t<\/div>\r\n\t\t\t\t<\/div>\r\n\r\n\t\t\t\t\t\t<div style=\"clear: both;\"><\/div><\/div><div class=\"slideshow_view\">\r\n\t\t\t\t<div class=\"slideshow_slide slideshow_slide_image\">\r\n\t\t\t\t\t\t\t\t\t\t\t<img src=\"https:\/\/agora.xtec.cat\/ceellevant\/wp-content\/uploads\/usu999\/2022\/03\/Premis-RomperB_-87-1.jpg\" alt=\"4.000\u20ac que gestionar\u00e0 l&#039;AMPA\" width=\"1700\" height=\"1133\" \/>\r\n\t\t\t\t\t\t\t\t\t\t<div class=\"slideshow_description_box slideshow_transparent\">\r\n\t\t\t\t\t\t<div class=\"slideshow_title\">4.000\u20ac que gestionar\u00e0 l&#039;AMPA<\/div>\t\t\t\t\t\t\t\t\t\t\t<\/div>\r\n\t\t\t\t<\/div>\r\n\r\n\t\t\t\t\t\t<div style=\"clear: both;\"><\/div><\/div><div class=\"slideshow_view\">\r\n\t\t\t\t<div class=\"slideshow_slide slideshow_slide_image\">\r\n\t\t\t\t\t\t\t\t\t\t\t<img src=\"https:\/\/agora.xtec.cat\/ceellevant\/wp-content\/uploads\/usu999\/2022\/03\/Premis-RomperB_-87.jpg\" alt=\"Una tablet !!\" width=\"1700\" height=\"1133\" \/>\r\n\t\t\t\t\t\t\t\t\t\t<div class=\"slideshow_description_box slideshow_transparent\">\r\n\t\t\t\t\t\t<div class=\"slideshow_title\">Una tablet !!<\/div>\t\t\t\t\t\t\t\t\t\t\t<\/div>\r\n\t\t\t\t<\/div>\r\n\r\n\t\t\t\t\t\t<div style=\"clear: both;\"><\/div><\/div><div class=\"slideshow_view\">\r\n\t\t\t\t<div class=\"slideshow_slide slideshow_slide_image\">\r\n\t\t\t\t\t\t\t\t\t\t\t<img src=\"https:\/\/agora.xtec.cat\/ceellevant\/wp-content\/uploads\/usu999\/2022\/03\/Premis-RomperB_-85.jpg\" alt=\"El Premi\" width=\"1700\" height=\"1133\" \/>\r\n\t\t\t\t\t\t\t\t\t\t<div class=\"slideshow_description_box slideshow_transparent\">\r\n\t\t\t\t\t\t<div class=\"slideshow_title\">El Premi<\/div>\t\t\t\t\t\t\t\t\t\t\t<\/div>\r\n\t\t\t\t<\/div>\r\n\r\n\t\t\t\t\t\t<div style=\"clear: both;\"><\/div><\/div><div class=\"slideshow_view\">\r\n\t\t\t\t<div class=\"slideshow_slide slideshow_slide_image\">\r\n\t\t\t\t\t\t\t\t\t\t\t<img src=\"https:\/\/agora.xtec.cat\/ceellevant\/wp-content\/uploads\/usu999\/2022\/03\/Premis-RomperB_-16.jpg\" alt=\"El v\u00eddeo guanyador\" width=\"1700\" height=\"1133\" \/>\r\n\t\t\t\t\t\t\t\t\t\t<div class=\"slideshow_description_box slideshow_transparent\">\r\n\t\t\t\t\t\t<div class=\"slideshow_title\">El v\u00eddeo guanyador<\/div>\t\t\t\t\t\t\t\t\t\t\t<\/div>\r\n\t\t\t\t<\/div>\r\n\r\n\t\t\t\t\t\t<div style=\"clear: both;\"><\/div><\/div>\r\n\t\t<\/div>\r\n\r\n\t\t<div class=\"slideshow_controlPanel slideshow_transparent\" style=\"display: none;\"><ul><li class=\"slideshow_togglePlay\" data-play-text=\"Visualitza\" data-pause-text=\"Pausa\"><\/li><\/ul><\/div>\r\n\r\n\t\t<div class=\"slideshow_button slideshow_previous slideshow_transparent\" role=\"button\" data-previous-text=\"Anterior\" style=\"display: none;\"><\/div>\r\n\t\t<div class=\"slideshow_button slideshow_next slideshow_transparent\" role=\"button\" data-next-text=\"Seg\u00fcent\" style=\"display: none;\"><\/div>\r\n\r\n\t\t<div class=\"slideshow_pagination\" style=\"display: none;\" data-go-to-text=\"V\u00e9s a la diapositiva\"><div class=\"slideshow_pagination_center\"><\/div><\/div>\r\n\r\n\t\t<!-- WordPress Slideshow Version 2.3.1 -->\r\n\r\n\t\t\t<\/div>\r\n\r\n<\/p>\n","protected":false},"excerpt":{"rendered":"<p>El divendres 25 de mar\u00e7 de 2022, una representaci\u00f3 de professionals i de fam\u00edlies de l&#8217;AMPA, vam anar a recollir el 1er Premi, versi\u00f3 col\u00b7lectiva, que ens va concedir la Fundaci\u00f3 Romper Barreras.<br \/>\n\u00c9s un Premi que recull la tasca que a l&#8217;escola estem fent amb&hellip;  <a href=\"https:\/\/agora.xtec.cat\/ceellevant\/general\/premi-romper-barreras\/\" title=\"Read PREMI ROMPER BARRERAS\">Llegeix m\u00e9s\u00bb<\/a><\/p>\n","protected":false},"author":1,"featured_media":4292,"comment_status":"closed","ping_status":"closed","sticky":false,"template":"","format":"standard","meta":{"_bbp_topic_count":0,"_bbp_reply_count":0,"_bbp_total_topic_count":0,"_bbp_total_reply_count":0,"_bbp_voice_count":0,"_bbp_anonymous_reply_count":0,"_bbp_topic_count_hidden":0,"_bbp_reply_count_hidden":0,"_bbp_forum_subforum_count":0,"footnotes":""},"categories":[7,1,4,38],"tags":[311,312,256],"class_list":["post-4282","post","type-post","status-publish","format-standard","has-post-thumbnail","hentry","category-afa","category-general","category-portada","category-serveis-digitals","tag-ajudes-tecniques","tag-premi-romper-barreras","tag-premis"],"post_mailing_queue_ids":[],"_links":{"self":[{"href":"https:\/\/agora.xtec.cat\/ceellevant\/wp-json\/wp\/v2\/posts\/4282","targetHints":{"allow":["GET"]}}],"collection":[{"href":"https:\/\/agora.xtec.cat\/ceellevant\/wp-json\/wp\/v2\/posts"}],"about":[{"href":"https:\/\/agora.xtec.cat\/ceellevant\/wp-json\/wp\/v2\/types\/post"}],"author":[{"embeddable":true,"href":"https:\/\/agora.xtec.cat\/ceellevant\/wp-json\/wp\/v2\/users\/1"}],"replies":[{"embeddable":true,"href":"https:\/\/agora.xtec.cat\/ceellevant\/wp-json\/wp\/v2\/comments?post=4282"}],"version-history":[{"count":3,"href":"https:\/\/agora.xtec.cat\/ceellevant\/wp-json\/wp\/v2\/posts\/4282\/revisions"}],"predecessor-version":[{"id":4291,"href":"https:\/\/agora.xtec.cat\/ceellevant\/wp-json\/wp\/v2\/posts\/4282\/revisions\/4291"}],"wp:featuredmedia":[{"embeddable":true,"href":"https:\/\/agora.xtec.cat\/ceellevant\/wp-json\/wp\/v2\/media\/4292"}],"wp:attachment":[{"href":"https:\/\/agora.xtec.cat\/ceellevant\/wp-json\/wp\/v2\/media?parent=4282"}],"wp:term":[{"taxonomy":"category","embeddable":true,"href":"https:\/\/agora.xtec.cat\/ceellevant\/wp-json\/wp\/v2\/categories?post=4282"},{"taxonomy":"post_tag","embeddable":true,"href":"https:\/\/agora.xtec.cat\/ceellevant\/wp-json\/wp\/v2\/tags?post=4282"}],"curies":[{"name":"wp","href":"https:\/\/api.w.org\/{rel}","templated":true}]}}