{"id":4125,"date":"2022-02-28T12:16:21","date_gmt":"2022-02-28T11:16:21","guid":{"rendered":"https:\/\/agora.xtec.cat\/ceellevant\/?p=4125"},"modified":"2022-02-25T12:23:09","modified_gmt":"2022-02-25T11:23:09","slug":"el-cicle-infantil-a-ca-larnus","status":"publish","type":"post","link":"https:\/\/agora.xtec.cat\/ceellevant\/general\/el-cicle-infantil-a-ca-larnus\/","title":{"rendered":"EL CICLE INFANTIL A CA L&#8217;ARN\u00daS"},"content":{"rendered":"<p class=\"normal\"><span lang=\"ca\" style=\"font-size: 12.0pt; line-height: 115%;\">Divendres passat els nens i nenes d&#8217;infantil vam anar al Parc de Ca l&#8217;Arn\u00fas!<\/span><\/p>\n<p class=\"normal\"><span lang=\"ca\" style=\"font-size: 12.0pt; line-height: 115%;\">Per anar-hi alguns vam agafar l&#8217;autob\u00fas, i d&#8217;altres van fer un passeig fins a arribar.<\/span><\/p>\n<p class=\"normal\"><span lang=\"ca\">\u00a0<\/span><span lang=\"ca\" style=\"font-size: 12.0pt; line-height: 115%;\">Vam passar un mat\u00ed molt divertit, acompanyats d&#8217;un dia espl\u00e8ndid, gaudint del joc i explorant les diferents zones del parc. Ens ho vam passar d&#8217;all\u00f2 m\u00e9s b\u00e9! Vam tornar cansats per\u00f2 molt contents!<\/span><\/p>\n<p><iframe loading=\"lazy\" title=\"Els petits de l&#039;escola a Ca l&#039;Arn\u00fas\" width=\"500\" height=\"281\" src=\"https:\/\/www.youtube.com\/embed\/_MF1_lNv3II?feature=oembed\" frameborder=\"0\" allow=\"accelerometer; autoplay; clipboard-write; encrypted-media; gyroscope; picture-in-picture; web-share\" referrerpolicy=\"strict-origin-when-cross-origin\" allowfullscreen><\/iframe><\/p>\n","protected":false},"excerpt":{"rendered":"<p>Divendres passat els nens i nenes d&#8217;infantil vam anar al Parc de Ca l&#8217;Arn\u00fas!<br \/>\nPer anar-hi alguns vam agafar l&#8217;autob\u00fas, i d&#8217;altres van fer un passeig fins a arribar.<br \/>\n\u00a0Vam passar un mat\u00ed molt divertit, acompanyats d&#8217;un dia espl\u00e8ndid, gaudint del joc i explorant les diferents zones&hellip;  <a href=\"https:\/\/agora.xtec.cat\/ceellevant\/general\/el-cicle-infantil-a-ca-larnus\/\" title=\"Read EL CICLE INFANTIL A CA L&#8217;ARN\u00daS\">Llegeix m\u00e9s\u00bb<\/a><\/p>\n","protected":false},"author":1,"featured_media":0,"comment_status":"open","ping_status":"closed","sticky":false,"template":"","format":"standard","meta":{"_bbp_topic_count":0,"_bbp_reply_count":0,"_bbp_total_topic_count":0,"_bbp_total_reply_count":0,"_bbp_voice_count":0,"_bbp_anonymous_reply_count":0,"_bbp_topic_count_hidden":0,"_bbp_reply_count_hidden":0,"_bbp_forum_subforum_count":0,"footnotes":""},"categories":[54,1,4],"tags":[305,110,101],"class_list":["post-4125","post","type-post","status-publish","format-standard","hentry","category-infantil","category-general","category-portada","tag-calarnus","tag-etapa-infantil","tag-sortides-i-excursions"],"post_mailing_queue_ids":[],"_links":{"self":[{"href":"https:\/\/agora.xtec.cat\/ceellevant\/wp-json\/wp\/v2\/posts\/4125","targetHints":{"allow":["GET"]}}],"collection":[{"href":"https:\/\/agora.xtec.cat\/ceellevant\/wp-json\/wp\/v2\/posts"}],"about":[{"href":"https:\/\/agora.xtec.cat\/ceellevant\/wp-json\/wp\/v2\/types\/post"}],"author":[{"embeddable":true,"href":"https:\/\/agora.xtec.cat\/ceellevant\/wp-json\/wp\/v2\/users\/1"}],"replies":[{"embeddable":true,"href":"https:\/\/agora.xtec.cat\/ceellevant\/wp-json\/wp\/v2\/comments?post=4125"}],"version-history":[{"count":1,"href":"https:\/\/agora.xtec.cat\/ceellevant\/wp-json\/wp\/v2\/posts\/4125\/revisions"}],"predecessor-version":[{"id":4126,"href":"https:\/\/agora.xtec.cat\/ceellevant\/wp-json\/wp\/v2\/posts\/4125\/revisions\/4126"}],"wp:attachment":[{"href":"https:\/\/agora.xtec.cat\/ceellevant\/wp-json\/wp\/v2\/media?parent=4125"}],"wp:term":[{"taxonomy":"category","embeddable":true,"href":"https:\/\/agora.xtec.cat\/ceellevant\/wp-json\/wp\/v2\/categories?post=4125"},{"taxonomy":"post_tag","embeddable":true,"href":"https:\/\/agora.xtec.cat\/ceellevant\/wp-json\/wp\/v2\/tags?post=4125"}],"curies":[{"name":"wp","href":"https:\/\/api.w.org\/{rel}","templated":true}]}}