{"id":4012,"date":"2022-01-27T13:19:41","date_gmt":"2022-01-27T12:19:41","guid":{"rendered":"https:\/\/agora.xtec.cat\/ceellevant\/?p=4012"},"modified":"2022-01-27T13:19:41","modified_gmt":"2022-01-27T12:19:41","slug":"dia-escolar-de-la-no-violencia-i-la-pau-denip","status":"publish","type":"post","link":"https:\/\/agora.xtec.cat\/ceellevant\/general\/dia-escolar-de-la-no-violencia-i-la-pau-denip\/","title":{"rendered":"Dia Escolar de la No viol\u00e8ncia I la Pau (DENIP)"},"content":{"rendered":"<p>El dia 30 gener es celebra el Dia Escolar de la No viol\u00e8ncia I la Pau (DENIP). Des de l&#8217;escola Llevant ens sumem a aquesta celebraci\u00f3 per tal conscienciar als alumnes, i a tota la comunitat educativa, de l&#8217;import\u00e0ncia dels valors com la pau, el respecte als drets humans,\u00a0 la no viol\u00e8ncia i la inclusi\u00f3.<\/p>\n","protected":false},"excerpt":{"rendered":"<p>El dia 30 gener es celebra el Dia Escolar de la No viol\u00e8ncia I la Pau (DENIP). Des de l&#8217;escola Llevant ens sumem a aquesta celebraci\u00f3 per tal conscienciar als alumnes, i a tota la comunitat educativa, de l&#8217;import\u00e0ncia dels valors com la pau, el&hellip;  <a href=\"https:\/\/agora.xtec.cat\/ceellevant\/general\/dia-escolar-de-la-no-violencia-i-la-pau-denip\/\" title=\"Read Dia Escolar de la No viol\u00e8ncia I la Pau (DENIP)\">Llegeix m\u00e9s\u00bb<\/a><\/p>\n","protected":false},"author":1,"featured_media":4009,"comment_status":"open","ping_status":"closed","sticky":false,"template":"","format":"standard","meta":{"_bbp_topic_count":0,"_bbp_reply_count":0,"_bbp_total_topic_count":0,"_bbp_total_reply_count":0,"_bbp_voice_count":0,"_bbp_anonymous_reply_count":0,"_bbp_topic_count_hidden":0,"_bbp_reply_count_hidden":0,"_bbp_forum_subforum_count":0,"footnotes":""},"categories":[1,4],"tags":[176,295,37,97,45,85,297,294,124,298,296],"class_list":["post-4012","post","type-post","status-publish","format-standard","has-post-thumbnail","hentry","category-general","category-portada","tag-activitats-escola","tag-ajuntament-de-badalona","tag-cicle-infantil","tag-cicle-inicial","tag-cicle-superior","tag-denip","tag-drets-humans","tag-escola-llevant","tag-festesdescola","tag-inclusio","tag-pau"],"post_mailing_queue_ids":[],"_links":{"self":[{"href":"https:\/\/agora.xtec.cat\/ceellevant\/wp-json\/wp\/v2\/posts\/4012","targetHints":{"allow":["GET"]}}],"collection":[{"href":"https:\/\/agora.xtec.cat\/ceellevant\/wp-json\/wp\/v2\/posts"}],"about":[{"href":"https:\/\/agora.xtec.cat\/ceellevant\/wp-json\/wp\/v2\/types\/post"}],"author":[{"embeddable":true,"href":"https:\/\/agora.xtec.cat\/ceellevant\/wp-json\/wp\/v2\/users\/1"}],"replies":[{"embeddable":true,"href":"https:\/\/agora.xtec.cat\/ceellevant\/wp-json\/wp\/v2\/comments?post=4012"}],"version-history":[{"count":2,"href":"https:\/\/agora.xtec.cat\/ceellevant\/wp-json\/wp\/v2\/posts\/4012\/revisions"}],"predecessor-version":[{"id":4014,"href":"https:\/\/agora.xtec.cat\/ceellevant\/wp-json\/wp\/v2\/posts\/4012\/revisions\/4014"}],"wp:featuredmedia":[{"embeddable":true,"href":"https:\/\/agora.xtec.cat\/ceellevant\/wp-json\/wp\/v2\/media\/4009"}],"wp:attachment":[{"href":"https:\/\/agora.xtec.cat\/ceellevant\/wp-json\/wp\/v2\/media?parent=4012"}],"wp:term":[{"taxonomy":"category","embeddable":true,"href":"https:\/\/agora.xtec.cat\/ceellevant\/wp-json\/wp\/v2\/categories?post=4012"},{"taxonomy":"post_tag","embeddable":true,"href":"https:\/\/agora.xtec.cat\/ceellevant\/wp-json\/wp\/v2\/tags?post=4012"}],"curies":[{"name":"wp","href":"https:\/\/api.w.org\/{rel}","templated":true}]}}