{"id":3981,"date":"2021-12-03T12:52:28","date_gmt":"2021-12-03T11:52:28","guid":{"rendered":"https:\/\/agora.xtec.cat\/ceellevant\/?p=3981"},"modified":"2021-12-03T12:53:45","modified_gmt":"2021-12-03T11:53:45","slug":"dia-internacional-de-les-persones-amb-discapacitat","status":"publish","type":"post","link":"https:\/\/agora.xtec.cat\/ceellevant\/general\/dia-internacional-de-les-persones-amb-discapacitat\/","title":{"rendered":"DIA INTERNACIONAL DE LES PERSONES AMB DISCAPACITAT"},"content":{"rendered":"<p>Des de l&#8217;escola volem reivindicar aquest dia, com un dia per la visibilitat. \u00c9s per aix\u00f2 que hem volgut treure un mural al carrer amb el missatge &#8220;Per un m\u00f3n on hi capiguem tot@s&#8221;.<\/p>\n<p>Amb el lema: sumem capacitats+sumem diversitats, ens agradaria fer una petita reflexi\u00f3:<\/p>\n<p>Les paraules canvien a mesura que canvia la realitat. Els canvis en les paraules responen a un canvi en\u00a0 la \u00a0perspectiva i la manera de percebre-la. \u00c9s per aix\u00f2 que actualment parlem de diversitat funcional.<\/p>\n<p>Quan parlem de diversitat funcional, ens referim a les persones que presenten diferents capacitats a nivell f\u00edsic, intel\u2022lectual, sensorial i\/o per trastorn mental.<\/p>\n<p>Totes les persones funcionem de forma diferent i necessitem de l\u2019entorn per a poder desenvolupar-nos.<\/p>\n<p>Sovint aquestes difer\u00e8ncies funcionals -respecte l\u2019est\u00e0ndar estad\u00edstic i\/o normatiu- interactuen amb un medi social no accessible, crea barreres a la participaci\u00f3 en igualtat de condicions i fa que la persona pateixi discriminaci\u00f3 i\/o manca d\u2019igualtat d\u2019oportunitats.<\/p>\n<p>Entenem la diversitat s\u2019ha d\u2019entendre com un valor afegit de la nostra societat, que ha de prendre el comprom\u00eds de treballar per respectar la dignitat i la llibertat de tothom, desenvolupant bens, serveis i productes universals i accessibles que garanteixin l\u2019exercici dels drets individuals en condicions d\u2019igualtat, seguretat i confort.<\/p>\n<p><a href=\"https:\/\/agora.xtec.cat\/ceellevant\/wp-content\/uploads\/usu999\/2021\/12\/87431937-ce57-4b0a-b7a9-05edfbd15230.jpg\"><img loading=\"lazy\" decoding=\"async\" class=\"alignnone size-large wp-image-3980\" src=\"https:\/\/agora.xtec.cat\/ceellevant\/wp-content\/uploads\/usu999\/2021\/12\/87431937-ce57-4b0a-b7a9-05edfbd15230-1024x768.jpg\" alt=\"\" width=\"1024\" height=\"768\" srcset=\"https:\/\/agora.xtec.cat\/ceellevant\/wp-content\/uploads\/usu999\/2021\/12\/87431937-ce57-4b0a-b7a9-05edfbd15230-1024x768.jpg 1024w, https:\/\/agora.xtec.cat\/ceellevant\/wp-content\/uploads\/usu999\/2021\/12\/87431937-ce57-4b0a-b7a9-05edfbd15230-300x225.jpg 300w, https:\/\/agora.xtec.cat\/ceellevant\/wp-content\/uploads\/usu999\/2021\/12\/87431937-ce57-4b0a-b7a9-05edfbd15230-768x576.jpg 768w, https:\/\/agora.xtec.cat\/ceellevant\/wp-content\/uploads\/usu999\/2021\/12\/87431937-ce57-4b0a-b7a9-05edfbd15230-1536x1152.jpg 1536w, https:\/\/agora.xtec.cat\/ceellevant\/wp-content\/uploads\/usu999\/2021\/12\/87431937-ce57-4b0a-b7a9-05edfbd15230-200x150.jpg 200w, https:\/\/agora.xtec.cat\/ceellevant\/wp-content\/uploads\/usu999\/2021\/12\/87431937-ce57-4b0a-b7a9-05edfbd15230.jpg 1600w\" sizes=\"auto, (max-width: 1024px) 100vw, 1024px\" \/><\/a> <a href=\"https:\/\/agora.xtec.cat\/ceellevant\/wp-content\/uploads\/usu999\/2021\/12\/3f5f412a-5632-4c9e-b77d-1761580879cf.jpg\"><img loading=\"lazy\" decoding=\"async\" class=\"alignnone size-large wp-image-3979\" src=\"https:\/\/agora.xtec.cat\/ceellevant\/wp-content\/uploads\/usu999\/2021\/12\/3f5f412a-5632-4c9e-b77d-1761580879cf-1024x768.jpg\" alt=\"\" width=\"1024\" height=\"768\" srcset=\"https:\/\/agora.xtec.cat\/ceellevant\/wp-content\/uploads\/usu999\/2021\/12\/3f5f412a-5632-4c9e-b77d-1761580879cf-1024x768.jpg 1024w, https:\/\/agora.xtec.cat\/ceellevant\/wp-content\/uploads\/usu999\/2021\/12\/3f5f412a-5632-4c9e-b77d-1761580879cf-300x225.jpg 300w, https:\/\/agora.xtec.cat\/ceellevant\/wp-content\/uploads\/usu999\/2021\/12\/3f5f412a-5632-4c9e-b77d-1761580879cf-768x576.jpg 768w, https:\/\/agora.xtec.cat\/ceellevant\/wp-content\/uploads\/usu999\/2021\/12\/3f5f412a-5632-4c9e-b77d-1761580879cf-1536x1152.jpg 1536w, https:\/\/agora.xtec.cat\/ceellevant\/wp-content\/uploads\/usu999\/2021\/12\/3f5f412a-5632-4c9e-b77d-1761580879cf-200x150.jpg 200w, https:\/\/agora.xtec.cat\/ceellevant\/wp-content\/uploads\/usu999\/2021\/12\/3f5f412a-5632-4c9e-b77d-1761580879cf.jpg 1600w\" sizes=\"auto, (max-width: 1024px) 100vw, 1024px\" \/><\/a><\/p>\n","protected":false},"excerpt":{"rendered":"<p>Des de l&#8217;escola volem reivindicar aquest dia, com un dia per la visibilitat. \u00c9s per aix\u00f2 que hem volgut treure un mural al carrer amb el missatge &#8220;Per un m\u00f3n on hi capiguem tot@s&#8221;.<br \/>\nAmb el lema: sumem capacitats+sumem diversitats, ens agradaria fer una petita reflexi\u00f3:<br \/>\nLes&hellip;  <a href=\"https:\/\/agora.xtec.cat\/ceellevant\/general\/dia-internacional-de-les-persones-amb-discapacitat\/\" title=\"Read DIA INTERNACIONAL DE LES PERSONES AMB DISCAPACITAT\">Llegeix m\u00e9s\u00bb<\/a><\/p>\n","protected":false},"author":1,"featured_media":2826,"comment_status":"open","ping_status":"closed","sticky":false,"template":"","format":"standard","meta":{"_bbp_topic_count":0,"_bbp_reply_count":0,"_bbp_total_topic_count":0,"_bbp_total_reply_count":0,"_bbp_voice_count":0,"_bbp_anonymous_reply_count":0,"_bbp_topic_count_hidden":0,"_bbp_reply_count_hidden":0,"_bbp_forum_subforum_count":0,"footnotes":""},"categories":[1,4],"tags":[292],"class_list":["post-3981","post","type-post","status-publish","format-standard","has-post-thumbnail","hentry","category-general","category-portada","tag-diadelespersonesambdiscapacitat"],"post_mailing_queue_ids":[],"_links":{"self":[{"href":"https:\/\/agora.xtec.cat\/ceellevant\/wp-json\/wp\/v2\/posts\/3981","targetHints":{"allow":["GET"]}}],"collection":[{"href":"https:\/\/agora.xtec.cat\/ceellevant\/wp-json\/wp\/v2\/posts"}],"about":[{"href":"https:\/\/agora.xtec.cat\/ceellevant\/wp-json\/wp\/v2\/types\/post"}],"author":[{"embeddable":true,"href":"https:\/\/agora.xtec.cat\/ceellevant\/wp-json\/wp\/v2\/users\/1"}],"replies":[{"embeddable":true,"href":"https:\/\/agora.xtec.cat\/ceellevant\/wp-json\/wp\/v2\/comments?post=3981"}],"version-history":[{"count":1,"href":"https:\/\/agora.xtec.cat\/ceellevant\/wp-json\/wp\/v2\/posts\/3981\/revisions"}],"predecessor-version":[{"id":3982,"href":"https:\/\/agora.xtec.cat\/ceellevant\/wp-json\/wp\/v2\/posts\/3981\/revisions\/3982"}],"wp:featuredmedia":[{"embeddable":true,"href":"https:\/\/agora.xtec.cat\/ceellevant\/wp-json\/wp\/v2\/media\/2826"}],"wp:attachment":[{"href":"https:\/\/agora.xtec.cat\/ceellevant\/wp-json\/wp\/v2\/media?parent=3981"}],"wp:term":[{"taxonomy":"category","embeddable":true,"href":"https:\/\/agora.xtec.cat\/ceellevant\/wp-json\/wp\/v2\/categories?post=3981"},{"taxonomy":"post_tag","embeddable":true,"href":"https:\/\/agora.xtec.cat\/ceellevant\/wp-json\/wp\/v2\/tags?post=3981"}],"curies":[{"name":"wp","href":"https:\/\/api.w.org\/{rel}","templated":true}]}}