{"id":3869,"date":"2021-11-04T13:04:29","date_gmt":"2021-11-04T12:04:29","guid":{"rendered":"https:\/\/agora.xtec.cat\/ceellevant\/?p=3869"},"modified":"2021-11-04T13:04:29","modified_gmt":"2021-11-04T12:04:29","slug":"festa-tardor-infantil","status":"publish","type":"post","link":"https:\/\/agora.xtec.cat\/ceellevant\/general\/festa-tardor-infantil\/","title":{"rendered":"FESTA TARDOR INFANTIL"},"content":{"rendered":"<p><span style=\"font-weight: 400;\">El cicle d&#8217;infantil hem celebrat la castanyada donant la benvinguda a la tardor!\u00a0<\/span><\/p>\n<p><span style=\"font-weight: 400;\">Els m\u00e9s petits han gaudit del factor sorpresa entrant al gimn\u00e0s i trobant una gran festa! Un ambient creat amb elements t\u00edpics de la tardor, joc i exploraci\u00f3 lliure: pinyes, fulles de diferents mides i colors, troncs de fusta&#8230; un tastet amb magranes, ra\u00efm, moniato&#8230; una cabanya plena de fulles per amagar-nos dins, i una capsa de fusta plena de cereals on fins i tot ens hi fem ficat dins!<\/span><\/p>\n<p><span style=\"font-weight: 400;\">Hem despertat la curiositat, fomentant l&#8217;inter\u00e8s per descobrir, crear i experimentar!<\/span><\/p>\n<p><span style=\"font-weight: 400;\">Ens ho hem passat molt b\u00e9!!<\/span><\/p>\n<p><iframe loading=\"lazy\" title=\"CEE LLEVANT. FESTA TARDOR INFANTIL\" width=\"500\" height=\"281\" src=\"https:\/\/www.youtube.com\/embed\/s3Up5vwJnTU?feature=oembed\" frameborder=\"0\" allow=\"accelerometer; autoplay; clipboard-write; encrypted-media; gyroscope; picture-in-picture; web-share\" referrerpolicy=\"strict-origin-when-cross-origin\" allowfullscreen><\/iframe><\/p>\n","protected":false},"excerpt":{"rendered":"<p>El cicle d&#8217;infantil hem celebrat la castanyada donant la benvinguda a la tardor!\u00a0<br \/>\nEls m\u00e9s petits han gaudit del factor sorpresa entrant al gimn\u00e0s i trobant una gran festa! Un ambient creat amb elements t\u00edpics de la tardor, joc i exploraci\u00f3 lliure: pinyes, fulles de diferents&hellip;  <a href=\"https:\/\/agora.xtec.cat\/ceellevant\/general\/festa-tardor-infantil\/\" title=\"Read FESTA TARDOR INFANTIL\">Llegeix m\u00e9s\u00bb<\/a><\/p>\n","protected":false},"author":1,"featured_media":3870,"comment_status":"open","ping_status":"closed","sticky":false,"template":"","format":"standard","meta":{"_bbp_topic_count":0,"_bbp_reply_count":0,"_bbp_total_topic_count":0,"_bbp_total_reply_count":0,"_bbp_voice_count":0,"_bbp_anonymous_reply_count":0,"_bbp_topic_count_hidden":0,"_bbp_reply_count_hidden":0,"_bbp_forum_subforum_count":0,"footnotes":""},"categories":[54,1,4],"tags":[176,254,279,281,110,127,280,124],"class_list":["post-3869","post","type-post","status-publish","format-standard","has-post-thumbnail","hentry","category-infantil","category-general","category-portada","tag-activitats-escola","tag-castanyada","tag-curs21-22","tag-descobrir","tag-etapa-infantil","tag-experimentacio","tag-festatardor","tag-festesdescola"],"post_mailing_queue_ids":[],"_links":{"self":[{"href":"https:\/\/agora.xtec.cat\/ceellevant\/wp-json\/wp\/v2\/posts\/3869","targetHints":{"allow":["GET"]}}],"collection":[{"href":"https:\/\/agora.xtec.cat\/ceellevant\/wp-json\/wp\/v2\/posts"}],"about":[{"href":"https:\/\/agora.xtec.cat\/ceellevant\/wp-json\/wp\/v2\/types\/post"}],"author":[{"embeddable":true,"href":"https:\/\/agora.xtec.cat\/ceellevant\/wp-json\/wp\/v2\/users\/1"}],"replies":[{"embeddable":true,"href":"https:\/\/agora.xtec.cat\/ceellevant\/wp-json\/wp\/v2\/comments?post=3869"}],"version-history":[{"count":1,"href":"https:\/\/agora.xtec.cat\/ceellevant\/wp-json\/wp\/v2\/posts\/3869\/revisions"}],"predecessor-version":[{"id":3871,"href":"https:\/\/agora.xtec.cat\/ceellevant\/wp-json\/wp\/v2\/posts\/3869\/revisions\/3871"}],"wp:featuredmedia":[{"embeddable":true,"href":"https:\/\/agora.xtec.cat\/ceellevant\/wp-json\/wp\/v2\/media\/3870"}],"wp:attachment":[{"href":"https:\/\/agora.xtec.cat\/ceellevant\/wp-json\/wp\/v2\/media?parent=3869"}],"wp:term":[{"taxonomy":"category","embeddable":true,"href":"https:\/\/agora.xtec.cat\/ceellevant\/wp-json\/wp\/v2\/categories?post=3869"},{"taxonomy":"post_tag","embeddable":true,"href":"https:\/\/agora.xtec.cat\/ceellevant\/wp-json\/wp\/v2\/tags?post=3869"}],"curies":[{"name":"wp","href":"https:\/\/api.w.org\/{rel}","templated":true}]}}