{"id":3754,"date":"2021-06-14T21:27:53","date_gmt":"2021-06-14T19:27:53","guid":{"rendered":"http:\/\/agora.xtec.cat\/ceellevant\/?p=3754"},"modified":"2021-06-14T21:30:05","modified_gmt":"2021-06-14T19:30:05","slug":"taller-de-grafitti-a-lescola","status":"publish","type":"post","link":"https:\/\/agora.xtec.cat\/ceellevant\/general\/taller-de-grafitti-a-lescola\/","title":{"rendered":"TALLER DE GRAFITTI A L&#8217;ESCOLA"},"content":{"rendered":"<p>El cicle mitj\u00e0 i superior hem fet un taller de grafitti. A banda de con\u00e8ixer l&#8217;hist\u00f2ria i la t\u00e8cnica, hem pogut realitzar-ne un al gimn\u00e0s de l&#8217;escola. Ha estat una experi\u00e8ncia genial! El TAGE53 ha estat el nostre mestre durant aquesta jornada i ens ha explicat com el grafitti pot ser una eina transformadora. Li estem molt agra\u00efts! Us ensenyem un video de tot el proc\u00e9s. Esperem que us agradi!<\/p>\n<p><iframe loading=\"lazy\" title=\"CEE LLEVANT. TALLER DE GRAFITTI\" width=\"500\" height=\"281\" src=\"https:\/\/www.youtube.com\/embed\/uyXGEiPER2I?feature=oembed\" frameborder=\"0\" allow=\"accelerometer; autoplay; clipboard-write; encrypted-media; gyroscope; picture-in-picture; web-share\" referrerpolicy=\"strict-origin-when-cross-origin\" allowfullscreen><\/iframe><\/p>\n","protected":false},"excerpt":{"rendered":"<p>El cicle mitj\u00e0 i superior hem fet un taller de grafitti. A banda de con\u00e8ixer l&#8217;hist\u00f2ria i la t\u00e8cnica, hem pogut realitzar-ne un al gimn\u00e0s de l&#8217;escola. Ha estat una experi\u00e8ncia genial! El TAGE53 ha estat el nostre mestre durant aquesta jornada i ens ha&hellip;  <a href=\"https:\/\/agora.xtec.cat\/ceellevant\/general\/taller-de-grafitti-a-lescola\/\" title=\"Read TALLER DE GRAFITTI A L&#8217;ESCOLA\">Llegeix m\u00e9s\u00bb<\/a><\/p>\n","protected":false},"author":1,"featured_media":3755,"comment_status":"open","ping_status":"closed","sticky":false,"template":"","format":"standard","meta":{"_bbp_topic_count":0,"_bbp_reply_count":0,"_bbp_total_topic_count":0,"_bbp_total_reply_count":0,"_bbp_voice_count":0,"_bbp_anonymous_reply_count":0,"_bbp_topic_count_hidden":0,"_bbp_reply_count_hidden":0,"_bbp_forum_subforum_count":0,"footnotes":""},"categories":[47,41,1,4],"tags":[35,176,236,117,45],"class_list":["post-3754","post","type-post","status-publish","format-standard","has-post-thumbnail","hentry","category-cicle-mitja","category-cicle-superior","category-general","category-portada","tag-activitats-culturals","tag-activitats-escola","tag-arts-plastiques","tag-cicle-mitja","tag-cicle-superior"],"post_mailing_queue_ids":[],"_links":{"self":[{"href":"https:\/\/agora.xtec.cat\/ceellevant\/wp-json\/wp\/v2\/posts\/3754","targetHints":{"allow":["GET"]}}],"collection":[{"href":"https:\/\/agora.xtec.cat\/ceellevant\/wp-json\/wp\/v2\/posts"}],"about":[{"href":"https:\/\/agora.xtec.cat\/ceellevant\/wp-json\/wp\/v2\/types\/post"}],"author":[{"embeddable":true,"href":"https:\/\/agora.xtec.cat\/ceellevant\/wp-json\/wp\/v2\/users\/1"}],"replies":[{"embeddable":true,"href":"https:\/\/agora.xtec.cat\/ceellevant\/wp-json\/wp\/v2\/comments?post=3754"}],"version-history":[{"count":1,"href":"https:\/\/agora.xtec.cat\/ceellevant\/wp-json\/wp\/v2\/posts\/3754\/revisions"}],"predecessor-version":[{"id":3756,"href":"https:\/\/agora.xtec.cat\/ceellevant\/wp-json\/wp\/v2\/posts\/3754\/revisions\/3756"}],"wp:featuredmedia":[{"embeddable":true,"href":"https:\/\/agora.xtec.cat\/ceellevant\/wp-json\/wp\/v2\/media\/3755"}],"wp:attachment":[{"href":"https:\/\/agora.xtec.cat\/ceellevant\/wp-json\/wp\/v2\/media?parent=3754"}],"wp:term":[{"taxonomy":"category","embeddable":true,"href":"https:\/\/agora.xtec.cat\/ceellevant\/wp-json\/wp\/v2\/categories?post=3754"},{"taxonomy":"post_tag","embeddable":true,"href":"https:\/\/agora.xtec.cat\/ceellevant\/wp-json\/wp\/v2\/tags?post=3754"}],"curies":[{"name":"wp","href":"https:\/\/api.w.org\/{rel}","templated":true}]}}