{"id":3751,"date":"2021-06-09T13:50:38","date_gmt":"2021-06-09T11:50:38","guid":{"rendered":"http:\/\/agora.xtec.cat\/ceellevant\/?p=3751"},"modified":"2021-06-08T14:01:59","modified_gmt":"2021-06-08T12:01:59","slug":"el-grup-12-gaudeix-de-la-musica","status":"publish","type":"post","link":"https:\/\/agora.xtec.cat\/ceellevant\/general\/el-grup-12-gaudeix-de-la-musica\/","title":{"rendered":"EL GRUP 12 GAUDEIX DE LA M\u00daSICA"},"content":{"rendered":"<p>Des del grup 12 us volem presentar un petit v\u00eddeo amb imatges de l&#8217;activitat setmanal de m\u00fasica amb la col\u00b7laboraci\u00f3 de la N\u00faria Losada que ens ha acompanyat durant tot el curs.<\/p>\n<p>Per nosaltres, ha estat una experi\u00e8ncia molt enriquidora, pel fet viure, sentir i escoltar la m\u00fasica d&#8217;una manera tan pura i sensorial. Hem gaudit molt!<\/p>\n<p>Esperem que us agradi!<\/p>\n<p><iframe loading=\"lazy\" title=\"CEE LLEVANT.EL GRUP 12 FA M\u00daSICA!\" width=\"500\" height=\"281\" src=\"https:\/\/www.youtube.com\/embed\/WQtF_ocuzVo?feature=oembed\" frameborder=\"0\" allow=\"accelerometer; autoplay; clipboard-write; encrypted-media; gyroscope; picture-in-picture; web-share\" referrerpolicy=\"strict-origin-when-cross-origin\" allowfullscreen><\/iframe><\/p>\n","protected":false},"excerpt":{"rendered":"<p>Des del grup 12 us volem presentar un petit v\u00eddeo amb imatges de l&#8217;activitat setmanal de m\u00fasica amb la col\u00b7laboraci\u00f3 de la N\u00faria Losada que ens ha acompanyat durant tot el curs.<br \/>\nPer nosaltres, ha estat una experi\u00e8ncia molt enriquidora, pel fet viure, sentir i escoltar&hellip;  <a href=\"https:\/\/agora.xtec.cat\/ceellevant\/general\/el-grup-12-gaudeix-de-la-musica\/\" title=\"Read EL GRUP 12 GAUDEIX DE LA M\u00daSICA\">Llegeix m\u00e9s\u00bb<\/a><\/p>\n","protected":false},"author":1,"featured_media":0,"comment_status":"open","ping_status":"closed","sticky":false,"template":"","format":"standard","meta":{"_bbp_topic_count":0,"_bbp_reply_count":0,"_bbp_total_topic_count":0,"_bbp_total_reply_count":0,"_bbp_voice_count":0,"_bbp_anonymous_reply_count":0,"_bbp_topic_count_hidden":0,"_bbp_reply_count_hidden":0,"_bbp_forum_subforum_count":0,"footnotes":""},"categories":[41,1,4],"tags":[163,109,93],"class_list":["post-3751","post","type-post","status-publish","format-standard","hentry","category-cicle-superior","category-general","category-portada","tag-ciclesuperior","tag-musica","tag-projecte-de-musica"],"post_mailing_queue_ids":[],"_links":{"self":[{"href":"https:\/\/agora.xtec.cat\/ceellevant\/wp-json\/wp\/v2\/posts\/3751","targetHints":{"allow":["GET"]}}],"collection":[{"href":"https:\/\/agora.xtec.cat\/ceellevant\/wp-json\/wp\/v2\/posts"}],"about":[{"href":"https:\/\/agora.xtec.cat\/ceellevant\/wp-json\/wp\/v2\/types\/post"}],"author":[{"embeddable":true,"href":"https:\/\/agora.xtec.cat\/ceellevant\/wp-json\/wp\/v2\/users\/1"}],"replies":[{"embeddable":true,"href":"https:\/\/agora.xtec.cat\/ceellevant\/wp-json\/wp\/v2\/comments?post=3751"}],"version-history":[{"count":2,"href":"https:\/\/agora.xtec.cat\/ceellevant\/wp-json\/wp\/v2\/posts\/3751\/revisions"}],"predecessor-version":[{"id":3753,"href":"https:\/\/agora.xtec.cat\/ceellevant\/wp-json\/wp\/v2\/posts\/3751\/revisions\/3753"}],"wp:attachment":[{"href":"https:\/\/agora.xtec.cat\/ceellevant\/wp-json\/wp\/v2\/media?parent=3751"}],"wp:term":[{"taxonomy":"category","embeddable":true,"href":"https:\/\/agora.xtec.cat\/ceellevant\/wp-json\/wp\/v2\/categories?post=3751"},{"taxonomy":"post_tag","embeddable":true,"href":"https:\/\/agora.xtec.cat\/ceellevant\/wp-json\/wp\/v2\/tags?post=3751"}],"curies":[{"name":"wp","href":"https:\/\/api.w.org\/{rel}","templated":true}]}}