{"id":3722,"date":"2021-06-03T16:26:41","date_gmt":"2021-06-03T14:26:41","guid":{"rendered":"http:\/\/agora.xtec.cat\/ceellevant\/?p=3722"},"modified":"2021-06-03T16:26:41","modified_gmt":"2021-06-03T14:26:41","slug":"el-grup-12-a-la-sala-multisensorial","status":"publish","type":"post","link":"https:\/\/agora.xtec.cat\/ceellevant\/general\/el-grup-12-a-la-sala-multisensorial\/","title":{"rendered":"EL GRUP 12 A LA SALA MULTISENSORIAL"},"content":{"rendered":"<p class=\"normal\" style=\"text-align: justify;\"><span lang=\"ca\">El grup 12 hem visitat la sala multisensorial de <a href=\"https:\/\/bjadaptaciones.com\/\">BJ ADAPTACIONES<\/a>. All\u00e0 ens hem sentit immersos en paisatges i escenes fant\u00e0stiques ja que dins la sala, l\u2019ambientaci\u00f3 que s\u2019aconsegueix amb el so, les diferents llums, la vibraci\u00f3, l&#8217;aire i altres est\u00edmuls, fan que et sentis totalment integrat en cada situaci\u00f3. <\/span><\/p>\n<p class=\"normal\" style=\"text-align: justify;\"><span lang=\"ca\">A m\u00e9s, hem pogut interaccionar amb la sala, cadasc\u00fa a la seva manera, i anar provocant canvis en l\u2019entorn que ens han deixat bocabadats. <\/span><\/p>\n<p class=\"normal\" style=\"text-align: justify;\"><span lang=\"ca\">Moltes gr\u00e0cies BJ ADAPTACIONES per aquesta experi\u00e8ncia! Ens encanta participar!!!<\/span><\/p>\n<p><iframe loading=\"lazy\" title=\"CEE Llevant. Visitem la sala multisensorial de BJ Adaptaciones\" width=\"500\" height=\"281\" src=\"https:\/\/www.youtube.com\/embed\/Pc5YEc5-c0I?feature=oembed\" frameborder=\"0\" allow=\"accelerometer; autoplay; clipboard-write; encrypted-media; gyroscope; picture-in-picture; web-share\" referrerpolicy=\"strict-origin-when-cross-origin\" allowfullscreen><\/iframe><\/p>\n","protected":false},"excerpt":{"rendered":"<p>El grup 12 hem visitat la sala multisensorial de <a href=\"https:\/\/bjadaptaciones.com\/\">BJ ADAPTACIONES<\/a>. All\u00e0 ens hem sentit immersos en paisatges i escenes fant\u00e0stiques ja que dins la sala, l\u2019ambientaci\u00f3 que s\u2019aconsegueix amb el so, les diferents llums, la vibraci\u00f3, l&#8217;aire i altres est\u00edmuls, fan que et&hellip;  <a href=\"https:\/\/agora.xtec.cat\/ceellevant\/general\/el-grup-12-a-la-sala-multisensorial\/\" title=\"Read EL GRUP 12 A LA SALA MULTISENSORIAL\">Llegeix m\u00e9s\u00bb<\/a><\/p>\n","protected":false},"author":1,"featured_media":3723,"comment_status":"open","ping_status":"closed","sticky":false,"template":"","format":"standard","meta":{"_bbp_topic_count":0,"_bbp_reply_count":0,"_bbp_total_topic_count":0,"_bbp_total_reply_count":0,"_bbp_voice_count":0,"_bbp_anonymous_reply_count":0,"_bbp_topic_count_hidden":0,"_bbp_reply_count_hidden":0,"_bbp_forum_subforum_count":0,"footnotes":""},"categories":[47,41,1,4],"tags":[163,270,101],"class_list":["post-3722","post","type-post","status-publish","format-standard","has-post-thumbnail","hentry","category-cicle-mitja","category-cicle-superior","category-general","category-portada","tag-ciclesuperior","tag-salamultisensorial","tag-sortides-i-excursions"],"post_mailing_queue_ids":[],"_links":{"self":[{"href":"https:\/\/agora.xtec.cat\/ceellevant\/wp-json\/wp\/v2\/posts\/3722","targetHints":{"allow":["GET"]}}],"collection":[{"href":"https:\/\/agora.xtec.cat\/ceellevant\/wp-json\/wp\/v2\/posts"}],"about":[{"href":"https:\/\/agora.xtec.cat\/ceellevant\/wp-json\/wp\/v2\/types\/post"}],"author":[{"embeddable":true,"href":"https:\/\/agora.xtec.cat\/ceellevant\/wp-json\/wp\/v2\/users\/1"}],"replies":[{"embeddable":true,"href":"https:\/\/agora.xtec.cat\/ceellevant\/wp-json\/wp\/v2\/comments?post=3722"}],"version-history":[{"count":1,"href":"https:\/\/agora.xtec.cat\/ceellevant\/wp-json\/wp\/v2\/posts\/3722\/revisions"}],"predecessor-version":[{"id":3724,"href":"https:\/\/agora.xtec.cat\/ceellevant\/wp-json\/wp\/v2\/posts\/3722\/revisions\/3724"}],"wp:featuredmedia":[{"embeddable":true,"href":"https:\/\/agora.xtec.cat\/ceellevant\/wp-json\/wp\/v2\/media\/3723"}],"wp:attachment":[{"href":"https:\/\/agora.xtec.cat\/ceellevant\/wp-json\/wp\/v2\/media?parent=3722"}],"wp:term":[{"taxonomy":"category","embeddable":true,"href":"https:\/\/agora.xtec.cat\/ceellevant\/wp-json\/wp\/v2\/categories?post=3722"},{"taxonomy":"post_tag","embeddable":true,"href":"https:\/\/agora.xtec.cat\/ceellevant\/wp-json\/wp\/v2\/tags?post=3722"}],"curies":[{"name":"wp","href":"https:\/\/api.w.org\/{rel}","templated":true}]}}