{"id":3561,"date":"2021-02-08T21:22:41","date_gmt":"2021-02-08T20:22:41","guid":{"rendered":"http:\/\/agora.xtec.cat\/ceellevant\/?p=3561"},"modified":"2021-02-15T17:53:27","modified_gmt":"2021-02-15T16:53:27","slug":"carnaval-2021","status":"publish","type":"post","link":"https:\/\/agora.xtec.cat\/ceellevant\/general\/carnaval-2021\/","title":{"rendered":"CARNAVAL 2021"},"content":{"rendered":"<p>Aquest \u00e9s, com totes les festes d&#8217;enguany, un Carnaval for\u00e7a at\u00edpic. A l&#8217;escola seguim amb les tradicions i durant aquesta setmana obe\u00efm les consignes de la Reina del Carnaval de Badalona.<\/p>\n<p>Clicant a les diferents imatges que us penjarem durant la setmana, podreu veure les fotos dels nens i les nenes gaudint de la festa!<\/p>\n<p><a href=\"https:\/\/photos.app.goo.gl\/AFRvpgGKdfsTmLFY9\" target=\"_blank\" rel=\"noopener noreferrer\"><img loading=\"lazy\" decoding=\"async\" class=\"alignnone wp-image-3562\" src=\"https:\/\/agora.xtec.cat\/ceellevant\/wp-content\/uploads\/usu999\/2021\/02\/pijama.png\" alt=\"\" width=\"143\" height=\"143\" srcset=\"https:\/\/agora.xtec.cat\/ceellevant\/wp-content\/uploads\/usu999\/2021\/02\/pijama.png 500w, https:\/\/agora.xtec.cat\/ceellevant\/wp-content\/uploads\/usu999\/2021\/02\/pijama-150x150.png 150w, https:\/\/agora.xtec.cat\/ceellevant\/wp-content\/uploads\/usu999\/2021\/02\/pijama-300x300.png 300w\" sizes=\"auto, (max-width: 143px) 100vw, 143px\" \/> <\/a><a href=\"https:\/\/photos.app.goo.gl\/gQ3i5hMvwcMK2fNJ8\" target=\"_blank\" rel=\"noopener noreferrer\"><img loading=\"lazy\" decoding=\"async\" class=\"wp-image-3564 alignnone\" src=\"https:\/\/agora.xtec.cat\/ceellevant\/wp-content\/uploads\/usu999\/2021\/02\/camiseta-del-reve\u0301s.png\" alt=\"\" width=\"135\" height=\"135\" srcset=\"https:\/\/agora.xtec.cat\/ceellevant\/wp-content\/uploads\/usu999\/2021\/02\/camiseta-del-reve\u0301s.png 500w, https:\/\/agora.xtec.cat\/ceellevant\/wp-content\/uploads\/usu999\/2021\/02\/camiseta-del-reve\u0301s-150x150.png 150w, https:\/\/agora.xtec.cat\/ceellevant\/wp-content\/uploads\/usu999\/2021\/02\/camiseta-del-reve\u0301s-300x300.png 300w\" sizes=\"auto, (max-width: 135px) 100vw, 135px\" \/><\/a><a href=\"https:\/\/photos.app.goo.gl\/YZ1Vdi5F9iyiZ5VF8\" target=\"_blank\" rel=\"noopener noreferrer\"><img loading=\"lazy\" decoding=\"async\" class=\"alignnone wp-image-3567\" src=\"https:\/\/agora.xtec.cat\/ceellevant\/wp-content\/uploads\/usu999\/2021\/02\/peluca.png\" alt=\"\" width=\"132\" height=\"132\" srcset=\"https:\/\/agora.xtec.cat\/ceellevant\/wp-content\/uploads\/usu999\/2021\/02\/peluca.png 500w, https:\/\/agora.xtec.cat\/ceellevant\/wp-content\/uploads\/usu999\/2021\/02\/peluca-150x150.png 150w, https:\/\/agora.xtec.cat\/ceellevant\/wp-content\/uploads\/usu999\/2021\/02\/peluca-300x300.png 300w\" sizes=\"auto, (max-width: 132px) 100vw, 132px\" \/><\/a><a href=\"https:\/\/photos.app.goo.gl\/tgGzZjXuxHDfciFY8\" target=\"_blank\" rel=\"noopener noreferrer\"><img loading=\"lazy\" decoding=\"async\" class=\"alignnone wp-image-3569\" src=\"https:\/\/agora.xtec.cat\/ceellevant\/wp-content\/uploads\/usu999\/2021\/02\/ponerse-las-gafas.png\" alt=\"\" width=\"124\" height=\"124\" srcset=\"https:\/\/agora.xtec.cat\/ceellevant\/wp-content\/uploads\/usu999\/2021\/02\/ponerse-las-gafas.png 500w, https:\/\/agora.xtec.cat\/ceellevant\/wp-content\/uploads\/usu999\/2021\/02\/ponerse-las-gafas-150x150.png 150w, https:\/\/agora.xtec.cat\/ceellevant\/wp-content\/uploads\/usu999\/2021\/02\/ponerse-las-gafas-300x300.png 300w\" sizes=\"auto, (max-width: 124px) 100vw, 124px\" \/><\/a><a href=\"https:\/\/photos.app.goo.gl\/eUMNy55ouBq4C1wW6\" target=\"_blank\" rel=\"noopener noreferrer\"><img loading=\"lazy\" decoding=\"async\" class=\"alignnone wp-image-3578\" src=\"https:\/\/agora.xtec.cat\/ceellevant\/wp-content\/uploads\/usu999\/2021\/02\/fiesta.png\" alt=\"\" width=\"126\" height=\"126\" srcset=\"https:\/\/agora.xtec.cat\/ceellevant\/wp-content\/uploads\/usu999\/2021\/02\/fiesta.png 500w, https:\/\/agora.xtec.cat\/ceellevant\/wp-content\/uploads\/usu999\/2021\/02\/fiesta-150x150.png 150w, https:\/\/agora.xtec.cat\/ceellevant\/wp-content\/uploads\/usu999\/2021\/02\/fiesta-300x300.png 300w\" sizes=\"auto, (max-width: 126px) 100vw, 126px\" \/><\/a><\/p>\n<p>&nbsp;<\/p>\n<p>AQU\u00cd TENIU TOTES LES FOTOS DE LES DISFRESSES DE L&#8217;ESCOLA! CLIQUEU ALS ENLLA\u00c7OS PER VEURE-LES.<\/p>\n<p><a href=\"https:\/\/photos.app.goo.gl\/XxxUiRm3y98cZhjJ8\" target=\"_blank\" rel=\"noopener noreferrer\">ELS D\u00c0LMATES<\/a><\/p>\n<p><a href=\"https:\/\/photos.app.goo.gl\/eAnevcQAuS3B8fHy8\" target=\"_blank\" rel=\"noopener noreferrer\">ELS CONILLETS<\/a><\/p>\n<p><a href=\"https:\/\/photos.app.goo.gl\/pmwFhsdxQDRBDstj8\" target=\"_blank\" rel=\"noopener noreferrer\">LA CASA DE PAPEL<\/a><\/p>\n<p><a href=\"https:\/\/photos.app.goo.gl\/abAJ8zM6mSidB4FH9\" target=\"_blank\" rel=\"noopener noreferrer\">ELS TAURONS<\/a><\/p>\n<p><a href=\"https:\/\/photos.app.goo.gl\/Jchb8MAD7HyByHVF6\" target=\"_blank\" rel=\"noopener noreferrer\">ELS PETITS CAVALLS<\/a><\/p>\n<p><a href=\"https:\/\/photos.app.goo.gl\/zdgTo8DeKFpm9hma9\" target=\"_blank\" rel=\"noopener noreferrer\">ELS MUSSOLS<\/a><\/p>\n<p><a href=\"https:\/\/photos.app.goo.gl\/GA2wSWZpgiZjcRY96\" target=\"_blank\" rel=\"noopener noreferrer\">ELS POLLETS<\/a><\/p>\n<p><a href=\"https:\/\/photos.app.goo.gl\/F89i66cjzKNjT6fG9\" target=\"_blank\" rel=\"noopener noreferrer\">ELS MINIONS1<\/a><\/p>\n<p><a href=\"https:\/\/photos.app.goo.gl\/gw1LhyT54uFZjvRG6\" target=\"_blank\" rel=\"noopener noreferrer\">ELS MINIONS2<\/a><\/p>\n<p><a href=\"https:\/\/photos.app.goo.gl\/eheDFgQr4jWrMLSf8\" target=\"_blank\" rel=\"noopener noreferrer\">LES VAQUETES<\/a><\/p>\n<p><a href=\"https:\/\/photos.app.goo.gl\/P5c4Yj1PVuyNZn236\" target=\"_blank\" rel=\"noopener noreferrer\">LES GIRAFES<\/a><\/p>\n<p><a href=\"https:\/\/photos.app.goo.gl\/jPQUY8C75Gp9Tz1e6\" target=\"_blank\" rel=\"noopener noreferrer\">LES BRUIXES I ELS BRUIXOTS<\/a><\/p>\n","protected":false},"excerpt":{"rendered":"<p>Aquest \u00e9s, com totes les festes d&#8217;enguany, un Carnaval for\u00e7a at\u00edpic. A l&#8217;escola seguim amb les tradicions i durant aquesta setmana obe\u00efm les consignes de la Reina del Carnaval de Badalona.<br \/>\nClicant a les diferents imatges que us penjarem durant la setmana, podreu veure les fotos&hellip;  <a href=\"https:\/\/agora.xtec.cat\/ceellevant\/general\/carnaval-2021\/\" title=\"Read CARNAVAL 2021\">Llegeix m\u00e9s\u00bb<\/a><\/p>\n","protected":false},"author":1,"featured_media":2826,"comment_status":"open","ping_status":"closed","sticky":false,"template":"","format":"standard","meta":{"_bbp_topic_count":0,"_bbp_reply_count":0,"_bbp_total_topic_count":0,"_bbp_total_reply_count":0,"_bbp_voice_count":0,"_bbp_anonymous_reply_count":0,"_bbp_topic_count_hidden":0,"_bbp_reply_count_hidden":0,"_bbp_forum_subforum_count":0,"footnotes":""},"categories":[1,4],"tags":[125,250],"class_list":["post-3561","post","type-post","status-publish","format-standard","has-post-thumbnail","hentry","category-general","category-portada","tag-carnaval","tag-curs-20-21"],"post_mailing_queue_ids":[],"_links":{"self":[{"href":"https:\/\/agora.xtec.cat\/ceellevant\/wp-json\/wp\/v2\/posts\/3561","targetHints":{"allow":["GET"]}}],"collection":[{"href":"https:\/\/agora.xtec.cat\/ceellevant\/wp-json\/wp\/v2\/posts"}],"about":[{"href":"https:\/\/agora.xtec.cat\/ceellevant\/wp-json\/wp\/v2\/types\/post"}],"author":[{"embeddable":true,"href":"https:\/\/agora.xtec.cat\/ceellevant\/wp-json\/wp\/v2\/users\/1"}],"replies":[{"embeddable":true,"href":"https:\/\/agora.xtec.cat\/ceellevant\/wp-json\/wp\/v2\/comments?post=3561"}],"version-history":[{"count":4,"href":"https:\/\/agora.xtec.cat\/ceellevant\/wp-json\/wp\/v2\/posts\/3561\/revisions"}],"predecessor-version":[{"id":3579,"href":"https:\/\/agora.xtec.cat\/ceellevant\/wp-json\/wp\/v2\/posts\/3561\/revisions\/3579"}],"wp:featuredmedia":[{"embeddable":true,"href":"https:\/\/agora.xtec.cat\/ceellevant\/wp-json\/wp\/v2\/media\/2826"}],"wp:attachment":[{"href":"https:\/\/agora.xtec.cat\/ceellevant\/wp-json\/wp\/v2\/media?parent=3561"}],"wp:term":[{"taxonomy":"category","embeddable":true,"href":"https:\/\/agora.xtec.cat\/ceellevant\/wp-json\/wp\/v2\/categories?post=3561"},{"taxonomy":"post_tag","embeddable":true,"href":"https:\/\/agora.xtec.cat\/ceellevant\/wp-json\/wp\/v2\/tags?post=3561"}],"curies":[{"name":"wp","href":"https:\/\/api.w.org\/{rel}","templated":true}]}}