{"id":3327,"date":"2020-10-15T12:16:16","date_gmt":"2020-10-15T10:16:16","guid":{"rendered":"http:\/\/agora.xtec.cat\/ceellevant\/?p=3327"},"modified":"2020-10-15T12:21:14","modified_gmt":"2020-10-15T10:21:14","slug":"el-menu-dhivern-de-lescola","status":"publish","type":"post","link":"https:\/\/agora.xtec.cat\/ceellevant\/general\/el-menu-dhivern-de-lescola\/","title":{"rendered":"EL MEN\u00da D&#8217;HIVERN DE L&#8217;ESCOLA"},"content":{"rendered":"<p style=\"text-align: center;\">Aquesta setmana hem comen\u00e7at a menjar el nou <strong>men\u00fa d&#8217;hivern<\/strong>.<\/p>\n<p style=\"text-align: center;\">Estem a la primera setmana i com ja sabeu\u00a0 de cursos anteriors, quan acabem la \u00faltima tornem a comen\u00e7ar per la primera. En l&#8217;enlla\u00e7 trobareu detallats els diferents men\u00fas que s&#8217;ofereixen al menjador escolar.<\/p>\n<p style=\"text-align: center;\"><a href=\"https:\/\/agora.xtec.cat\/ceellevant\/wp-content\/uploads\/usu999\/2020\/10\/llevant-2020-2021-HIVERN.pdf\" target=\"_blank\" rel=\"noopener noreferrer\">Escola Llevant. Men\u00fa HIVERN 2020-2021<\/a><\/p>\n<p><a href=\"https:\/\/agora.xtec.cat\/ceellevant\/wp-content\/uploads\/usu999\/2020\/10\/men\u00fa-llevant-imatge.png\"><img loading=\"lazy\" decoding=\"async\" class=\"wp-image-3328 aligncenter\" src=\"https:\/\/agora.xtec.cat\/ceellevant\/wp-content\/uploads\/usu999\/2020\/10\/men\u00fa-llevant-imatge.png\" alt=\"\" width=\"585\" height=\"189\" srcset=\"https:\/\/agora.xtec.cat\/ceellevant\/wp-content\/uploads\/usu999\/2020\/10\/men\u00fa-llevant-imatge.png 794w, https:\/\/agora.xtec.cat\/ceellevant\/wp-content\/uploads\/usu999\/2020\/10\/men\u00fa-llevant-imatge-300x97.png 300w, https:\/\/agora.xtec.cat\/ceellevant\/wp-content\/uploads\/usu999\/2020\/10\/men\u00fa-llevant-imatge-768x248.png 768w\" sizes=\"auto, (max-width: 585px) 100vw, 585px\" \/><\/a><\/p>\n","protected":false},"excerpt":{"rendered":"<p>Aquesta setmana hem comen\u00e7at a menjar el nou men\u00fa d&#8217;hivern.<br \/>\nEstem a la primera setmana i com ja sabeu\u00a0 de cursos anteriors, quan acabem la \u00faltima tornem a comen\u00e7ar per la primera. En l&#8217;enlla\u00e7 trobareu detallats els diferents men\u00fas que s&#8217;ofereixen al menjador escolar.<br \/>\n<a href=\"https:\/\/agora.xtec.cat\/ceellevant\/wp-content\/uploads\/usu999\/2020\/10\/llevant-2020-2021-HIVERN.pdf\" target=\"_blank\"&hellip;  <a href=\"https:\/\/agora.xtec.cat\/ceellevant\/general\/el-menu-dhivern-de-lescola\/\" title=\"Read EL MEN\u00da D&#8217;HIVERN DE L&#8217;ESCOLA\">Llegeix m\u00e9s\u00bb<\/a><\/p>\n","protected":false},"author":1,"featured_media":2826,"comment_status":"open","ping_status":"closed","sticky":false,"template":"","format":"standard","meta":{"_bbp_topic_count":0,"_bbp_reply_count":0,"_bbp_total_topic_count":0,"_bbp_total_reply_count":0,"_bbp_voice_count":0,"_bbp_anonymous_reply_count":0,"_bbp_topic_count_hidden":0,"_bbp_reply_count_hidden":0,"_bbp_forum_subforum_count":0,"footnotes":""},"categories":[1,4],"tags":[250,147],"class_list":["post-3327","post","type-post","status-publish","format-standard","has-post-thumbnail","hentry","category-general","category-portada","tag-curs-20-21","tag-menjador-escolar"],"post_mailing_queue_ids":[],"_links":{"self":[{"href":"https:\/\/agora.xtec.cat\/ceellevant\/wp-json\/wp\/v2\/posts\/3327","targetHints":{"allow":["GET"]}}],"collection":[{"href":"https:\/\/agora.xtec.cat\/ceellevant\/wp-json\/wp\/v2\/posts"}],"about":[{"href":"https:\/\/agora.xtec.cat\/ceellevant\/wp-json\/wp\/v2\/types\/post"}],"author":[{"embeddable":true,"href":"https:\/\/agora.xtec.cat\/ceellevant\/wp-json\/wp\/v2\/users\/1"}],"replies":[{"embeddable":true,"href":"https:\/\/agora.xtec.cat\/ceellevant\/wp-json\/wp\/v2\/comments?post=3327"}],"version-history":[{"count":3,"href":"https:\/\/agora.xtec.cat\/ceellevant\/wp-json\/wp\/v2\/posts\/3327\/revisions"}],"predecessor-version":[{"id":3331,"href":"https:\/\/agora.xtec.cat\/ceellevant\/wp-json\/wp\/v2\/posts\/3327\/revisions\/3331"}],"wp:featuredmedia":[{"embeddable":true,"href":"https:\/\/agora.xtec.cat\/ceellevant\/wp-json\/wp\/v2\/media\/2826"}],"wp:attachment":[{"href":"https:\/\/agora.xtec.cat\/ceellevant\/wp-json\/wp\/v2\/media?parent=3327"}],"wp:term":[{"taxonomy":"category","embeddable":true,"href":"https:\/\/agora.xtec.cat\/ceellevant\/wp-json\/wp\/v2\/categories?post=3327"},{"taxonomy":"post_tag","embeddable":true,"href":"https:\/\/agora.xtec.cat\/ceellevant\/wp-json\/wp\/v2\/tags?post=3327"}],"curies":[{"name":"wp","href":"https:\/\/api.w.org\/{rel}","templated":true}]}}