{"id":3306,"date":"2020-09-29T12:44:29","date_gmt":"2020-09-29T10:44:29","guid":{"rendered":"http:\/\/agora.xtec.cat\/ceellevant\/?p=3306"},"modified":"2020-10-01T19:46:15","modified_gmt":"2020-10-01T17:46:15","slug":"cintes-per-les-mascaretes","status":"publish","type":"post","link":"https:\/\/agora.xtec.cat\/ceellevant\/general\/cintes-per-les-mascaretes\/","title":{"rendered":"CINTES PER LES MASCARETES"},"content":{"rendered":"<p style=\"text-align: center;\">L&#8217;AMPA ha subministrat cintes per les mascaretes de tots els nens de l&#8217;escola !!<\/p>\n<p>Aquestes cintes funcionen de manera similar a un cord\u00f3 de les ulleres. \u00c9s perfecte per poder posar i treure la mascareta de forma r\u00e0pida i sense necessitat d&#8217;haver de porta-la a la m\u00e0, colze, etc&#8230;amb el corresponent risc que comporta pels nostres nens i nenes.<\/p>\n<p style=\"text-align: center;\">Mireu que xules !!<\/p>\n<p style=\"text-align: center;\"><a href=\"https:\/\/agora.xtec.cat\/ceellevant\/wp-content\/uploads\/usu999\/2020\/09\/imatges-cintes-web.jpg\"><br \/>\n<img loading=\"lazy\" decoding=\"async\" class=\"wp-image-3305 aligncenter\" src=\"https:\/\/agora.xtec.cat\/ceellevant\/wp-content\/uploads\/usu999\/2020\/09\/imatges-cintes-web.jpg\" alt=\"\" width=\"250\" height=\"333\" srcset=\"https:\/\/agora.xtec.cat\/ceellevant\/wp-content\/uploads\/usu999\/2020\/09\/imatges-cintes-web.jpg 336w, https:\/\/agora.xtec.cat\/ceellevant\/wp-content\/uploads\/usu999\/2020\/09\/imatges-cintes-web-226x300.jpg 226w\" sizes=\"auto, (max-width: 250px) 100vw, 250px\" \/><\/a><\/p>\n<p>&nbsp;<\/p>\n","protected":false},"excerpt":{"rendered":"<p>L&#8217;AMPA ha subministrat cintes per les mascaretes de tots els nens de l&#8217;escola !!<br \/>\nAquestes cintes funcionen de manera similar a un cord\u00f3 de les ulleres. \u00c9s perfecte per poder posar i treure la mascareta de forma r\u00e0pida i sense necessitat d&#8217;haver de porta-la a la&hellip;  <a href=\"https:\/\/agora.xtec.cat\/ceellevant\/general\/cintes-per-les-mascaretes\/\" title=\"Read CINTES PER LES MASCARETES\">Llegeix m\u00e9s\u00bb<\/a><\/p>\n","protected":false},"author":1,"featured_media":2826,"comment_status":"closed","ping_status":"closed","sticky":false,"template":"","format":"standard","meta":{"_bbp_topic_count":0,"_bbp_reply_count":0,"_bbp_total_topic_count":0,"_bbp_total_reply_count":0,"_bbp_voice_count":0,"_bbp_anonymous_reply_count":0,"_bbp_topic_count_hidden":0,"_bbp_reply_count_hidden":0,"_bbp_forum_subforum_count":0,"footnotes":""},"categories":[1,4],"tags":[182],"class_list":["post-3306","post","type-post","status-publish","format-standard","has-post-thumbnail","hentry","category-general","category-portada","tag-covid19"],"post_mailing_queue_ids":[],"_links":{"self":[{"href":"https:\/\/agora.xtec.cat\/ceellevant\/wp-json\/wp\/v2\/posts\/3306","targetHints":{"allow":["GET"]}}],"collection":[{"href":"https:\/\/agora.xtec.cat\/ceellevant\/wp-json\/wp\/v2\/posts"}],"about":[{"href":"https:\/\/agora.xtec.cat\/ceellevant\/wp-json\/wp\/v2\/types\/post"}],"author":[{"embeddable":true,"href":"https:\/\/agora.xtec.cat\/ceellevant\/wp-json\/wp\/v2\/users\/1"}],"replies":[{"embeddable":true,"href":"https:\/\/agora.xtec.cat\/ceellevant\/wp-json\/wp\/v2\/comments?post=3306"}],"version-history":[{"count":1,"href":"https:\/\/agora.xtec.cat\/ceellevant\/wp-json\/wp\/v2\/posts\/3306\/revisions"}],"predecessor-version":[{"id":3307,"href":"https:\/\/agora.xtec.cat\/ceellevant\/wp-json\/wp\/v2\/posts\/3306\/revisions\/3307"}],"wp:featuredmedia":[{"embeddable":true,"href":"https:\/\/agora.xtec.cat\/ceellevant\/wp-json\/wp\/v2\/media\/2826"}],"wp:attachment":[{"href":"https:\/\/agora.xtec.cat\/ceellevant\/wp-json\/wp\/v2\/media?parent=3306"}],"wp:term":[{"taxonomy":"category","embeddable":true,"href":"https:\/\/agora.xtec.cat\/ceellevant\/wp-json\/wp\/v2\/categories?post=3306"},{"taxonomy":"post_tag","embeddable":true,"href":"https:\/\/agora.xtec.cat\/ceellevant\/wp-json\/wp\/v2\/tags?post=3306"}],"curies":[{"name":"wp","href":"https:\/\/api.w.org\/{rel}","templated":true}]}}