{"id":3300,"date":"2020-09-25T12:59:17","date_gmt":"2020-09-25T10:59:17","guid":{"rendered":"http:\/\/agora.xtec.cat\/ceellevant\/?p=3300"},"modified":"2020-09-25T12:59:51","modified_gmt":"2020-09-25T10:59:51","slug":"calendari-del-curs-20-21","status":"publish","type":"post","link":"https:\/\/agora.xtec.cat\/ceellevant\/general\/calendari-del-curs-20-21\/","title":{"rendered":"CALENDARI DEL CURS 20-21"},"content":{"rendered":"<p>Ja tenim actualitzat el calendari del curs 20-21<\/p>\n<p>El podeu consultar al men\u00fa principal d&#8217;aquesta web o clicant al seg\u00fcent enlla\u00e7:<\/p>\n<p><a href=\"http:\/\/agora.xtec.cat\/ceellevant\/lescola\/calendari-del-curs\/\" target=\"_blank\" rel=\"noopener noreferrer\">Calendari del curs 2020-21<\/a><\/p>\n","protected":false},"excerpt":{"rendered":"<p>Ja tenim actualitzat el calendari del curs 20-21<br \/>\nEl podeu consultar al men\u00fa principal d&#8217;aquesta web o clicant al seg\u00fcent enlla\u00e7:<br \/>\n<a href=\"http:\/\/agora.xtec.cat\/ceellevant\/lescola\/calendari-del-curs\/\" target=\"_blank\" rel=\"noopener noreferrer\">Calendari del curs 2020-21<\/a><\/p>\n","protected":false},"author":1,"featured_media":0,"comment_status":"open","ping_status":"closed","sticky":false,"template":"","format":"standard","meta":{"_bbp_topic_count":0,"_bbp_reply_count":0,"_bbp_total_topic_count":0,"_bbp_total_reply_count":0,"_bbp_voice_count":0,"_bbp_anonymous_reply_count":0,"_bbp_topic_count_hidden":0,"_bbp_reply_count_hidden":0,"_bbp_forum_subforum_count":0,"footnotes":""},"categories":[1,4],"tags":[249,247],"class_list":["post-3300","post","type-post","status-publish","format-standard","hentry","category-general","category-portada","tag-calendari","tag-curs20-21"],"post_mailing_queue_ids":[],"_links":{"self":[{"href":"https:\/\/agora.xtec.cat\/ceellevant\/wp-json\/wp\/v2\/posts\/3300","targetHints":{"allow":["GET"]}}],"collection":[{"href":"https:\/\/agora.xtec.cat\/ceellevant\/wp-json\/wp\/v2\/posts"}],"about":[{"href":"https:\/\/agora.xtec.cat\/ceellevant\/wp-json\/wp\/v2\/types\/post"}],"author":[{"embeddable":true,"href":"https:\/\/agora.xtec.cat\/ceellevant\/wp-json\/wp\/v2\/users\/1"}],"replies":[{"embeddable":true,"href":"https:\/\/agora.xtec.cat\/ceellevant\/wp-json\/wp\/v2\/comments?post=3300"}],"version-history":[{"count":2,"href":"https:\/\/agora.xtec.cat\/ceellevant\/wp-json\/wp\/v2\/posts\/3300\/revisions"}],"predecessor-version":[{"id":3302,"href":"https:\/\/agora.xtec.cat\/ceellevant\/wp-json\/wp\/v2\/posts\/3300\/revisions\/3302"}],"wp:attachment":[{"href":"https:\/\/agora.xtec.cat\/ceellevant\/wp-json\/wp\/v2\/media?parent=3300"}],"wp:term":[{"taxonomy":"category","embeddable":true,"href":"https:\/\/agora.xtec.cat\/ceellevant\/wp-json\/wp\/v2\/categories?post=3300"},{"taxonomy":"post_tag","embeddable":true,"href":"https:\/\/agora.xtec.cat\/ceellevant\/wp-json\/wp\/v2\/tags?post=3300"}],"curies":[{"name":"wp","href":"https:\/\/api.w.org\/{rel}","templated":true}]}}