{"id":3222,"date":"2020-06-08T10:10:51","date_gmt":"2020-06-08T08:10:51","guid":{"rendered":"http:\/\/agora.xtec.cat\/ceellevant\/?p=3222"},"modified":"2020-06-08T10:15:44","modified_gmt":"2020-06-08T08:15:44","slug":"pla-de-reobertura-en-fase-2-dels-desconfinament","status":"publish","type":"post","link":"https:\/\/agora.xtec.cat\/ceellevant\/general\/pla-de-reobertura-en-fase-2-dels-desconfinament\/","title":{"rendered":"Pla de reobertura en fase 2 del desconfinament"},"content":{"rendered":"<p>Benvolguts pares,<\/p>\n<p>Us informem de les <strong>normes sanit\u00e0ries<\/strong> preses a l\u2019escola:<\/p>\n<ul>\n<li>Aules compartides amb un m\u00e0xim de 5 alumnes de diferents grups, mantenint, en la mesura del possible, la dist\u00e0ncia de seguretat recomanada.<\/li>\n<li>Cada grup far\u00e0 l\u2019esbarjo en espais diferents<\/li>\n<li>Hi hauran 2 professionals a cada grup, protegits amb mascaretes<\/li>\n<li>Els materials de treball i joc ser\u00e0 individual per cada alumne i no es faran agendes<\/li>\n<li>Els alumnes es netejaran com a m\u00ednim 4 vegades amb aigua i sab\u00f3 i\/o amb l\u00edquid hidroalcoh\u00f2lic.<\/li>\n<\/ul>\n<p><strong>Tot i les mesures esmentades i per les caracter\u00edstiques de l\u2019alumnat l\u2019escola no pot garantir el 100 % de seguretat.<\/strong><\/p>\n<p>Badalona, 8 de juny de 2020<\/p>\n<p>Si voleu saber m\u00e9s detalls sobre el Pla de reobertura, cliqueu l&#8217;enlla\u00e7 seg\u00fcent<\/p>\n<p><a href=\"https:\/\/agora.xtec.cat\/ceellevant\/wp-content\/uploads\/usu999\/2020\/06\/Pla-dobertura-juny-2020_Llevant.pdf\" target=\"_blank\" rel=\"noopener noreferrer\">Pla d&#8217;obertura juny 2020. Escola Llevant<\/a><\/p>\n","protected":false},"excerpt":{"rendered":"<p>Benvolguts pares,<br \/>\nUs informem de les normes sanit\u00e0ries preses a l\u2019escola:<\/p>\n<ul>\n<li>Aules compartides amb un m\u00e0xim de 5 alumnes de diferents grups, mantenint, en la mesura del possible, la dist\u00e0ncia de seguretat recomanada.<\/li>\n<li>Cada grup far\u00e0 l\u2019esbarjo en espais diferents<\/li>\n<li>Hi hauran 2 professionals a cada grup, protegits amb&hellip;  <a href=\"https:\/\/agora.xtec.cat\/ceellevant\/general\/pla-de-reobertura-en-fase-2-dels-desconfinament\/\" title=\"Read Pla de reobertura en fase 2 del desconfinament\">Llegeix m\u00e9s\u00bb<\/a><br \/>\n","protected":false},"author":1,"featured_media":0,"comment_status":"closed","ping_status":"closed","sticky":false,"template":"","format":"standard","meta":{"_bbp_topic_count":0,"_bbp_reply_count":0,"_bbp_total_topic_count":0,"_bbp_total_reply_count":0,"_bbp_voice_count":0,"_bbp_anonymous_reply_count":0,"_bbp_topic_count_hidden":0,"_bbp_reply_count_hidden":0,"_bbp_forum_subforum_count":0,"footnotes":""},"categories":[1,4],"tags":[182],"class_list":["post-3222","post","type-post","status-publish","format-standard","hentry","category-general","category-portada","tag-covid19"],"post_mailing_queue_ids":[],"_links":{"self":[{"href":"https:\/\/agora.xtec.cat\/ceellevant\/wp-json\/wp\/v2\/posts\/3222","targetHints":{"allow":["GET"]}}],"collection":[{"href":"https:\/\/agora.xtec.cat\/ceellevant\/wp-json\/wp\/v2\/posts"}],"about":[{"href":"https:\/\/agora.xtec.cat\/ceellevant\/wp-json\/wp\/v2\/types\/post"}],"author":[{"embeddable":true,"href":"https:\/\/agora.xtec.cat\/ceellevant\/wp-json\/wp\/v2\/users\/1"}],"replies":[{"embeddable":true,"href":"https:\/\/agora.xtec.cat\/ceellevant\/wp-json\/wp\/v2\/comments?post=3222"}],"version-history":[{"count":3,"href":"https:\/\/agora.xtec.cat\/ceellevant\/wp-json\/wp\/v2\/posts\/3222\/revisions"}],"predecessor-version":[{"id":3227,"href":"https:\/\/agora.xtec.cat\/ceellevant\/wp-json\/wp\/v2\/posts\/3222\/revisions\/3227"}],"wp:attachment":[{"href":"https:\/\/agora.xtec.cat\/ceellevant\/wp-json\/wp\/v2\/media?parent=3222"}],"wp:term":[{"taxonomy":"category","embeddable":true,"href":"https:\/\/agora.xtec.cat\/ceellevant\/wp-json\/wp\/v2\/categories?post=3222"},{"taxonomy":"post_tag","embeddable":true,"href":"https:\/\/agora.xtec.cat\/ceellevant\/wp-json\/wp\/v2\/tags?post=3222"}],"curies":[{"name":"wp","href":"https:\/\/api.w.org\/{rel}","templated":true}]}}